{"id":1178,"date":"2025-01-29T22:36:08","date_gmt":"2025-01-29T22:36:08","guid":{"rendered":"https:\/\/fec.com.ar\/2022\/?p=1178"},"modified":"2025-01-29T22:38:19","modified_gmt":"2025-01-29T22:38:19","slug":"el-autodespacho-de-naftas-ya-tiene-autorizacion-oficial-y-asi-se-implementara-en-todo-el-pais","status":"publish","type":"post","link":"http:\/\/fec.com.ar\/2022\/el-autodespacho-de-naftas-ya-tiene-autorizacion-oficial-y-asi-se-implementara-en-todo-el-pais\/","title":{"rendered":"EL AUTODESPACHO DE NAFTAS YA TIENE AUTORIZACI\u00d3N OFICIAL Y AS\u00cd SE IMPLEMENTAR\u00c1 EN TODO EL PA\u00cdS"},"content":{"rendered":"\n<p>El Gobierno public\u00f3 el decreto que habilita esa modalidad a nivel nacional y fij\u00f3 pautas de procedimiento. Pruebas piloto en Capital y el gran Mendoza<\/p>\n\n\n\n<p><strong><a href=\"https:\/\/www.iprofesional.com\/\">iProfesional<\/a>&nbsp;<\/strong>|&nbsp;<strong><a href=\"https:\/\/www.iprofesional.com\/negocios\">Negocios<\/a>&nbsp;<\/strong>|&nbsp;<strong>Combustibles<\/strong><\/p>\n\n\n\n<p>Por&nbsp;<strong><a href=\"https:\/\/www.iprofesional.com\/autores\/patricio-eleisegui\">Patricio Eleisegui<\/a><\/strong><\/p>\n\n\n\n<p><strong>29\/01\/2025<\/strong>&nbsp;&#8211; 10:13hs<\/p>\n\n\n\n<p><\/p>\n\n\n\n<p>Acasi dos meses de anticipado por el \u00e1rea de Desregulaci\u00f3n que encabeza&nbsp;<strong>Federico Sturzenegger<\/strong>, el Gobierno finalmente<strong>&nbsp;public\u00f3 el decreto que habilita el autodespacho de combustibles&nbsp;<\/strong>en toda la Argentina y se abre una nueva etapa para las estaciones de servicio. El texto en cuesti\u00f3n fija requisitos para los puntos de ventas que adoptar\u00e1n esta modalidad, adem\u00e1s de establecer&nbsp;<strong>criterios de uso de los surtidores para los conductores de veh\u00edculos<\/strong>. La posibilidad del auto servicio viene de acumular pruebas piloto en Capital Federal y en cercan\u00edas de la ciudad de Mendoza. Los gremios del \u00e1mbito del expendio sostienen de forma cr\u00edtica que este cambio&nbsp;<a href=\"https:\/\/www.iprofesional.com\/negocios\/418364-autoservicio-naftas-friccion-empresarios-gremios-que-podria-pasar\" target=\"_blank\" rel=\"noreferrer noopener\">podr\u00eda redundar en la p\u00e9rdida de hasta 70.000 puestos de trabajo<\/a>.<\/p>\n\n\n\n<p>\u00abAutor\u00edzase en todo el territorio nacional el autodespacho de combustible<strong>&nbsp;como modalidad optativa, a elecci\u00f3n de los expendedores<\/strong>, quienes podr\u00e1n implementarla en forma total o instalar en su establecimiento solo algunos surtidores de autoservicio\u00bb, se\u00f1ala el decreto en su primer art\u00edculo.<\/p>\n\n\n\n<p>Anticipa, adem\u00e1s, que la Secretar\u00eda de Energ\u00eda establecer\u00e1 los requisitos que deber\u00e1n cumplir las estaciones que deseen implementar dicha modalidad en un plazo de 60 d\u00edas.<\/p>\n\n\n\n<p>\u00abHasta tanto se dicten dichas normas, los interesados en implementar la modalidad de&nbsp;<a href=\"https:\/\/www.iprofesional.com\/negocios\/419803-donde-como-arrancara-autoservicio-nafta-sin-ayuda-playeros\" target=\"_blank\" rel=\"noreferrer noopener\">autodespacho de combustible<\/a>&nbsp;en sus estaciones de servicio deber\u00e1n solicitar autorizaci\u00f3n a la Secretar\u00eda de Energ\u00eda del Ministerio de Econom\u00eda\u00bb, se indica en el texto.<\/p>\n\n\n\n<p>\u00abAutor\u00edzase en todo el territorio nacional<strong>&nbsp;el uso de tanques sobre el terreno en estaciones de servicio y estaciones de servicio m\u00f3viles<\/strong>, de acuerdo a las condiciones de seguridad y despacho que establezca la Secretar\u00eda de Energ\u00eda\u2026\u00bb, a\u00f1ade.<\/p>\n\n\n\n<p>Para luego ampliar: \u00abSe entiende como estaciones de servicio m\u00f3viles a los dep\u00f3sitos port\u00e1tiles aut\u00f3nomos que est\u00e1n totalmente equipados para el transporte y el abastecimiento de hidrocarburos. Pueden utilizarse de forma fija o m\u00f3vil, con la posibilidad de ser izados o transportados\u00bb.<\/p>\n\n\n\n<p><\/p>\n\n\n\n<p>Con relaci\u00f3n a los criterios de uso del servicio para los conductores de veh\u00edculos, el decreto (46\/2025) detalla que, \u00abuna vez terminado el suministro de combustible<strong>&nbsp;se repondr\u00e1 la tapa del tanque y se colgar\u00e1 la manguera en su lugar<\/strong>, cuidando de que no quede enganchada en alg\u00fan saliente del veh\u00edculo.&nbsp;<strong>Reci\u00e9n entonces se estar\u00e1 en condiciones de poner en marcha el motor<\/strong>\u00ab.<\/p>\n\n\n\n<p>Por otra parte, el decreto fija para las estaciones de servicio la obligaci\u00f3n de disponer de un \u00e1rea que, en caso de una emergencia derivada del autodespacho, permita la evacuaci\u00f3n inmediata de las personas y sus veh\u00edculos.<\/p>\n\n\n\n<p>Vale se\u00f1alar que, con anticipaci\u00f3n a este decreto, YPF habilit\u00f3 cuatro surtidores para una&nbsp;<strong><a href=\"https:\/\/www.iprofesional.com\/actualidad\/421311-estacion-de-servicio-caba-donde-ya-funciona-autodespacho-combustible\" target=\"_blank\" rel=\"noreferrer noopener\">prueba expr\u00e9s del autoservicio de combustibles<\/a><\/strong>&nbsp;en una estaci\u00f3n de servicio ubicada en Figueroa Alcorta y Echeverr\u00eda, en la Ciudad de Buenos Aires.<\/p>\n\n\n\n<p>Asimismo, y&nbsp;<strong>la estaci\u00f3n YPF XPress de Luj\u00e1n de Cuyo, en Mendoza, opera bajo este modelo desde hace tres a\u00f1os<\/strong>.<\/p>\n\n\n\n<p>All\u00ed, los usuarios tienen acceso a dos surtidores completamente automatizados, donde pueden seleccionar la cantidad de litros a cargar y efectuar el pago a trav\u00e9s de pantallas t\u00e1ctiles. Seg\u00fan los operadores, este sistema ha demostrado ser efectivo, especialmente entre quienes valoran la comodidad y la rapidez del servicio.<\/p>\n\n\n\n<h2 class=\"wp-block-heading\">Autodespacho de naftas: oposici\u00f3n de los sindicatos<\/h2>\n\n\n\n<p>Desde que Sturzenegger anticip\u00f3 que promover\u00eda esta modalidad, los gremios del sector de las estaciones de servicio r\u00e1pidamente se posicionaron en contra de la medida.<\/p>\n\n\n\n<p>Sostienen que la implementaci\u00f3n de la medida podr\u00eda redundar en hasta 70.000 despidos, y que<strong>&nbsp;el costo de los salarios no repercute en el precio final de las naftas<\/strong>.<\/p>\n\n\n\n<p>En ese sentido, Carlos Acu\u00f1a, secretario general del Sindicato de Empleados de Estaciones de Servicio (SOESGyPE), declar\u00f3 hace semanas al portal Surtidores que, \u00absi se busca alg\u00fan cambio,&nbsp;<strong>se podr\u00edan otorgar francos los domingos a los empleados<\/strong>, permitiendo a los trabajadores disfrutar tiempo con sus familias, en lugar de impulsar medidas perjudiciales para el sector y la sociedad\u00bb.<\/p>\n\n\n\n<p>Entre los empresarios que se mantienen en la vereda de frente a la decisi\u00f3n oficial se ubica Juan Carlos Bas\u00edlico, presidente de la Federaci\u00f3n de Entidades de Combustibles (FEC), quien advirti\u00f3 el Gobierno \u00abest\u00e1 equivocado si cree que puede llevar a la pr\u00e1ctica el&nbsp;<a href=\"https:\/\/www.iprofesional.com\/negocios\/420118-aumento-nafta-ypf-aplico-primera-suba-del-ano-y-esto-cuesta-litro-en-ciudad\" target=\"_blank\" rel=\"noreferrer noopener\">autodespacho de nafta y gasoil<\/a>&nbsp;de la noche a la ma\u00f1ana\u00bb.<\/p>\n\n\n\n<p>\u00abAunque no lo quieran reconocer, la carga de combustible&nbsp;<strong>enfrenta varios riesgos que solo lo pueden afrontar los playeros&nbsp;<\/strong>que est\u00e1n debidamente capacitados para esta tarea por parte las empresas y el sindicato del sector\u00bb, enfatiz\u00f3.<\/p>\n","protected":false},"excerpt":{"rendered":"<p>El Gobierno public\u00f3 el decreto que habilita esa modalidad a nivel nacional y fij\u00f3 pautas de procedimiento. Pruebas piloto en Capital y el gran Mendoza iProfesional&nbsp;|&nbsp;Negocios&nbsp;|&nbsp;Combustibles Por&nbsp;Patricio Eleisegui 29\/01\/2025&nbsp;&#8211; 10:13hs Acasi dos meses de anticipado por el \u00e1rea de Desregulaci\u00f3n que encabeza&nbsp;Federico Sturzenegger, el Gobierno finalmente&nbsp;public\u00f3 el decreto que habilita el autodespacho de combustibles&nbsp;en toda [&hellip;]<\/p>\n","protected":false},"author":2,"featured_media":1179,"comment_status":"open","ping_status":"open","sticky":false,"template":"","format":"standard","meta":{"_uag_custom_page_level_css":"","footnotes":""},"categories":[1],"tags":[],"class_list":["post-1178","post","type-post","status-publish","format-standard","has-post-thumbnail","hentry","category-sin-categoria"],"uagb_featured_image_src":{"full":["http:\/\/fec.com.ar\/2022\/wp-content\/uploads\/2025\/01\/Screenshot_662.png",1270,720,false],"thumbnail":["http:\/\/fec.com.ar\/2022\/wp-content\/uploads\/2025\/01\/Screenshot_662-150x150.png",150,150,true],"medium":["http:\/\/fec.com.ar\/2022\/wp-content\/uploads\/2025\/01\/Screenshot_662-300x170.png",300,170,true],"medium_large":["http:\/\/fec.com.ar\/2022\/wp-content\/uploads\/2025\/01\/Screenshot_662-768x435.png",640,363,true],"large":["http:\/\/fec.com.ar\/2022\/wp-content\/uploads\/2025\/01\/Screenshot_662-1024x581.png",640,363,true],"1536x1536":["http:\/\/fec.com.ar\/2022\/wp-content\/uploads\/2025\/01\/Screenshot_662.png",1270,720,false],"2048x2048":["http:\/\/fec.com.ar\/2022\/wp-content\/uploads\/2025\/01\/Screenshot_662.png",1270,720,false]},"uagb_author_info":{"display_name":false,"author_link":"http:\/\/fec.com.ar\/2022\/author\/c2151867\/"},"uagb_comment_info":0,"uagb_excerpt":"El Gobierno public\u00f3 el decreto que habilita esa modalidad a nivel nacional y fij\u00f3 pautas de procedimiento. Pruebas piloto en Capital y el gran Mendoza iProfesional&nbsp;|&nbsp;Negocios&nbsp;|&nbsp;Combustibles Por&nbsp;Patricio Eleisegui 29\/01\/2025&nbsp;&#8211; 10:13hs Acasi dos meses de anticipado por el \u00e1rea de Desregulaci\u00f3n que encabeza&nbsp;Federico Sturzenegger, el Gobierno finalmente&nbsp;public\u00f3 el decreto que habilita el autodespacho de combustibles&nbsp;en toda&hellip;","_links":{"self":[{"href":"http:\/\/fec.com.ar\/2022\/wp-json\/wp\/v2\/posts\/1178","targetHints":{"allow":["GET"]}}],"collection":[{"href":"http:\/\/fec.com.ar\/2022\/wp-json\/wp\/v2\/posts"}],"about":[{"href":"http:\/\/fec.com.ar\/2022\/wp-json\/wp\/v2\/types\/post"}],"author":[{"embeddable":true,"href":"http:\/\/fec.com.ar\/2022\/wp-json\/wp\/v2\/users\/2"}],"replies":[{"embeddable":true,"href":"http:\/\/fec.com.ar\/2022\/wp-json\/wp\/v2\/comments?post=1178"}],"version-history":[{"count":1,"href":"http:\/\/fec.com.ar\/2022\/wp-json\/wp\/v2\/posts\/1178\/revisions"}],"predecessor-version":[{"id":1180,"href":"http:\/\/fec.com.ar\/2022\/wp-json\/wp\/v2\/posts\/1178\/revisions\/1180"}],"wp:featuredmedia":[{"embeddable":true,"href":"http:\/\/fec.com.ar\/2022\/wp-json\/wp\/v2\/media\/1179"}],"wp:attachment":[{"href":"http:\/\/fec.com.ar\/2022\/wp-json\/wp\/v2\/media?parent=1178"}],"wp:term":[{"taxonomy":"category","embeddable":true,"href":"http:\/\/fec.com.ar\/2022\/wp-json\/wp\/v2\/categories?post=1178"},{"taxonomy":"post_tag","embeddable":true,"href":"http:\/\/fec.com.ar\/2022\/wp-json\/wp\/v2\/tags?post=1178"}],"curies":[{"name":"wp","href":"https:\/\/api.w.org\/{rel}","templated":true}]}}