{"id":1182,"date":"2025-01-29T22:42:50","date_gmt":"2025-01-29T22:42:50","guid":{"rendered":"https:\/\/fec.com.ar\/2022\/?p=1182"},"modified":"2025-01-29T22:45:30","modified_gmt":"2025-01-29T22:45:30","slug":"se-publico-el-decreto-que-habilita-el-autoservicio-de-combustibles","status":"publish","type":"post","link":"http:\/\/fec.com.ar\/2022\/se-publico-el-decreto-que-habilita-el-autoservicio-de-combustibles\/","title":{"rendered":"SE PUBLIC\u00d3 EL DECRETO QUE HABILITA EL AUTOSERVICIO DE COMBUSTIBLES"},"content":{"rendered":"\nEl Gobierno dio luz verde a la instalaci\u00f3n de surtidores de autogesti\u00f3n en Estaciones de Servicio, adem\u00e1s de autorizar la colocaci\u00f3n de tanques sobre terreno, puntos de venta m\u00f3vil y la reducci\u00f3n de las medidas m\u00ednimas obligatorias.An\u00e1lisis de Pablo Roma con Chiche Gelblung en Radio Del Plata\n\n\n\n\n\n\n\n\n<p><iframe width=\"100%\" height=\"175px\" scrolling=\"no\" frameborder=\"no\" src=\"\/\/ar.radiocut.fm\/audiocut\/embed\/hori\/se-publico-decreto-habilita-autoservicio-combustibles\/\" ><\/iframe><\/p>\n\n\n\n\n\n<p><\/p>\n","protected":false},"excerpt":{"rendered":"<p>El Gobierno dio luz verde a la instalaci\u00f3n de surtidores de autogesti\u00f3n en Estaciones de Servicio, adem\u00e1s de autorizar la colocaci\u00f3n de tanques sobre terreno, puntos de venta m\u00f3vil y la reducci\u00f3n de las medidas m\u00ednimas obligatorias.An\u00e1lisis de Pablo Roma con Chiche Gelblung en Radio Del Plata<\/p>\n","protected":false},"author":2,"featured_media":1183,"comment_status":"open","ping_status":"open","sticky":false,"template":"","format":"standard","meta":{"_uag_custom_page_level_css":"","footnotes":""},"categories":[1],"tags":[],"class_list":["post-1182","post","type-post","status-publish","format-standard","has-post-thumbnail","hentry","category-sin-categoria"],"uagb_featured_image_src":{"full":["http:\/\/fec.com.ar\/2022\/wp-content\/uploads\/2025\/01\/f4c14659-df58-4623-91d3-2ae1ea0cb2ab.jpg",200,200,false],"thumbnail":["http:\/\/fec.com.ar\/2022\/wp-content\/uploads\/2025\/01\/f4c14659-df58-4623-91d3-2ae1ea0cb2ab-150x150.jpg",150,150,true],"medium":["http:\/\/fec.com.ar\/2022\/wp-content\/uploads\/2025\/01\/f4c14659-df58-4623-91d3-2ae1ea0cb2ab.jpg",200,200,false],"medium_large":["http:\/\/fec.com.ar\/2022\/wp-content\/uploads\/2025\/01\/f4c14659-df58-4623-91d3-2ae1ea0cb2ab.jpg",200,200,false],"large":["http:\/\/fec.com.ar\/2022\/wp-content\/uploads\/2025\/01\/f4c14659-df58-4623-91d3-2ae1ea0cb2ab.jpg",200,200,false],"1536x1536":["http:\/\/fec.com.ar\/2022\/wp-content\/uploads\/2025\/01\/f4c14659-df58-4623-91d3-2ae1ea0cb2ab.jpg",200,200,false],"2048x2048":["http:\/\/fec.com.ar\/2022\/wp-content\/uploads\/2025\/01\/f4c14659-df58-4623-91d3-2ae1ea0cb2ab.jpg",200,200,false]},"uagb_author_info":{"display_name":false,"author_link":"http:\/\/fec.com.ar\/2022\/author\/c2151867\/"},"uagb_comment_info":0,"uagb_excerpt":"El Gobierno dio luz verde a la instalaci\u00f3n de surtidores de autogesti\u00f3n en Estaciones de Servicio, adem\u00e1s de autorizar la colocaci\u00f3n de tanques sobre terreno, puntos de venta m\u00f3vil y la reducci\u00f3n de las medidas m\u00ednimas obligatorias.An\u00e1lisis de Pablo Roma con Chiche Gelblung en Radio Del Plata","_links":{"self":[{"href":"http:\/\/fec.com.ar\/2022\/wp-json\/wp\/v2\/posts\/1182","targetHints":{"allow":["GET"]}}],"collection":[{"href":"http:\/\/fec.com.ar\/2022\/wp-json\/wp\/v2\/posts"}],"about":[{"href":"http:\/\/fec.com.ar\/2022\/wp-json\/wp\/v2\/types\/post"}],"author":[{"embeddable":true,"href":"http:\/\/fec.com.ar\/2022\/wp-json\/wp\/v2\/users\/2"}],"replies":[{"embeddable":true,"href":"http:\/\/fec.com.ar\/2022\/wp-json\/wp\/v2\/comments?post=1182"}],"version-history":[{"count":5,"href":"http:\/\/fec.com.ar\/2022\/wp-json\/wp\/v2\/posts\/1182\/revisions"}],"predecessor-version":[{"id":1189,"href":"http:\/\/fec.com.ar\/2022\/wp-json\/wp\/v2\/posts\/1182\/revisions\/1189"}],"wp:featuredmedia":[{"embeddable":true,"href":"http:\/\/fec.com.ar\/2022\/wp-json\/wp\/v2\/media\/1183"}],"wp:attachment":[{"href":"http:\/\/fec.com.ar\/2022\/wp-json\/wp\/v2\/media?parent=1182"}],"wp:term":[{"taxonomy":"category","embeddable":true,"href":"http:\/\/fec.com.ar\/2022\/wp-json\/wp\/v2\/categories?post=1182"},{"taxonomy":"post_tag","embeddable":true,"href":"http:\/\/fec.com.ar\/2022\/wp-json\/wp\/v2\/tags?post=1182"}],"curies":[{"name":"wp","href":"https:\/\/api.w.org\/{rel}","templated":true}]}}