{"id":1303,"date":"2025-09-29T15:07:48","date_gmt":"2025-09-29T15:07:48","guid":{"rendered":"https:\/\/fec.com.ar\/2022\/?p=1303"},"modified":"2025-09-29T15:55:08","modified_gmt":"2025-09-29T15:55:08","slug":"la-fec-tuvo-una-gran-inauguracion-de-su-nuevo-edificio-de-ultima-generacion","status":"publish","type":"post","link":"http:\/\/fec.com.ar\/2022\/la-fec-tuvo-una-gran-inauguracion-de-su-nuevo-edificio-de-ultima-generacion\/","title":{"rendered":"LA FEC INAUGURA SU EDIFICIO DE \u00daLTIMA GENERACI\u00d3N EN LA PLATA"},"content":{"rendered":"\n<p><a href=\"https:\/\/fec.com.ar\/2022\/author\/c2151867\/\"><\/a><\/p>\n\n\n\n<p>La Federaci\u00f3n de Entidades de Combustibles (FEC) inaugur\u00f3 el pasado viernes por la noche su renovada sede central, ubicada en Calle 15 entre 59 y 60 de la ciudad de La Plata, Provincia de Buenos Aires. Se trata de un edificio multiprop\u00f3sito, moderno y adaptado a los nuevos tiempos, que combina gesti\u00f3n institucional, capacitaci\u00f3n, conectividad y espacios de encuentro para toda la familia estacionera<br>El acto de inauguraci\u00f3n reuni\u00f3 a autoridades nacionales, provinciales, dirigentes del SOESGyPE y referentes de las c\u00e1maras de estaciones de servicio asociadas a la FEC de todo el pa\u00eds. La remodelaci\u00f3n de la hist\u00f3rica sede refleja una inversi\u00f3n estrat\u00e9gica destinada a modernizar la instituci\u00f3n y consolidarla como un espacio de servicios, capacitaci\u00f3n y encuentro para los asociados.<br><\/p>\n\n\n\n<figure class=\"wp-block-video\"><video height=\"1280\" style=\"aspect-ratio: 720 \/ 1280;\" width=\"720\" controls src=\"https:\/\/fec.com.ar\/2022\/wp-content\/uploads\/2025\/09\/VID-20250929-WA0001.mp4\"><\/video><\/figure>\n\n\n\n<p>Con emoci\u00f3n, el presidente de la FEC, Juan Carlos Basilico, reafirm\u00f3 su compromiso con la familia estacionera: \u201cEste esfuerzo es para continuar el desaf\u00edo de defender los derechos de las m\u00e1s de 50 mil familias que trabajan diariamente en las estaciones de servicio. Esta casa es un s\u00edmbolo del trabajo conjunto y del aporte de todos los asociados que hacen posible que podamos proyectarnos hacia el futuro con herramientas innovadoras\u201d.<br>La obra consisti\u00f3 en la renovaci\u00f3n integral del edificio, incorporando \u00e1reas para capacitaci\u00f3n, nuevas tecnolog\u00edas, espacios de conectividad entre asociados y la posibilidad de utilizar las instalaciones para cursos, reuniones de trabajo y debates sobre la realidad del sector. Su ubicaci\u00f3n en pleno centro de La Plata garantiza adem\u00e1s accesibilidad y visibilidad, fortaleciendo la presencia de la FEC en la regi\u00f3n.<br>Al respecto, el dirigente estacionero dijo que \u201cesta federaci\u00f3n quiere lo mejor para sus operadores y sus empleados de todo el pa\u00eds, por lo cual, analiza y acuerda las condiciones y derechos laborales de manera conjunta con el sindicato\u201d.<br>Por su parte, Carlos Acu\u00f1a, secretario general del SOESGyPE, destac\u00f3 la hist\u00f3rica colaboraci\u00f3n entre el sindicato y los empresarios: \u201cLa FEC es un ejemplo de compromiso compartido. Valoramos el Convenio Colectivo de Trabajo 488\/07 que representa a los trabajadores de las estaciones de servicio. Este tipo de iniciativas demuestra que cuando trabajamos juntos, en beneficio de las familias, los resultados se ven y se sienten\u201d.<br>Durante el evento, se puso en valor la importancia de contar con un espacio moderno y funcional que permita responder a las necesidades actuales del sector, generar capacitaci\u00f3n constante y ofrecer un lugar de referencia para toda la familia estacionera.<br>\u201cSabemos que la coyuntura del sector es dif\u00edcil y que la crisis golpea a cada estaci\u00f3n de servicio. Pero justamente por eso apostamos a un proyecto de largo plazo, que brinde estabilidad, sentido de pertenencia y un espacio de encuentro. Con esta obra reafirmamos nuestra convicci\u00f3n de que la unidad y el esfuerzo colectivo siempre dan frutos\u201d, concluy\u00f3 Basilico.<\/p>\n\n\n\n<figure class=\"wp-block-gallery has-nested-images columns-default is-cropped wp-block-gallery-1 is-layout-flex wp-block-gallery-is-layout-flex\">\n<figure class=\"wp-block-image size-large\"><a href=\"https:\/\/fec.com.ar\/2022\/wp-content\/uploads\/2025\/09\/WhatsApp-Image-2025-09-26-at-22.30.29.jpeg\"><img fetchpriority=\"high\" decoding=\"async\" width=\"1024\" height=\"768\" data-id=\"1309\" src=\"https:\/\/fec.com.ar\/2022\/wp-content\/uploads\/2025\/09\/WhatsApp-Image-2025-09-26-at-22.30.29-1024x768.jpeg\" alt=\"\" class=\"wp-image-1309\" srcset=\"http:\/\/fec.com.ar\/2022\/wp-content\/uploads\/2025\/09\/WhatsApp-Image-2025-09-26-at-22.30.29-1024x768.jpeg 1024w, http:\/\/fec.com.ar\/2022\/wp-content\/uploads\/2025\/09\/WhatsApp-Image-2025-09-26-at-22.30.29-300x225.jpeg 300w, http:\/\/fec.com.ar\/2022\/wp-content\/uploads\/2025\/09\/WhatsApp-Image-2025-09-26-at-22.30.29-768x576.jpeg 768w, http:\/\/fec.com.ar\/2022\/wp-content\/uploads\/2025\/09\/WhatsApp-Image-2025-09-26-at-22.30.29-1536x1152.jpeg 1536w, http:\/\/fec.com.ar\/2022\/wp-content\/uploads\/2025\/09\/WhatsApp-Image-2025-09-26-at-22.30.29.jpeg 1600w\" sizes=\"(max-width: 1024px) 100vw, 1024px\" \/><\/a><\/figure>\n\n\n\n<figure class=\"wp-block-image size-large\"><a href=\"https:\/\/fec.com.ar\/2022\/wp-content\/uploads\/2025\/09\/WhatsApp-Image-2025-09-26-at-22.26.39.jpeg\"><img decoding=\"async\" width=\"1024\" height=\"770\" data-id=\"1305\" src=\"https:\/\/fec.com.ar\/2022\/wp-content\/uploads\/2025\/09\/WhatsApp-Image-2025-09-26-at-22.26.39-1024x770.jpeg\" alt=\"\" class=\"wp-image-1305\" srcset=\"http:\/\/fec.com.ar\/2022\/wp-content\/uploads\/2025\/09\/WhatsApp-Image-2025-09-26-at-22.26.39-1024x770.jpeg 1024w, http:\/\/fec.com.ar\/2022\/wp-content\/uploads\/2025\/09\/WhatsApp-Image-2025-09-26-at-22.26.39-300x226.jpeg 300w, http:\/\/fec.com.ar\/2022\/wp-content\/uploads\/2025\/09\/WhatsApp-Image-2025-09-26-at-22.26.39-768x578.jpeg 768w, http:\/\/fec.com.ar\/2022\/wp-content\/uploads\/2025\/09\/WhatsApp-Image-2025-09-26-at-22.26.39.jpeg 1280w\" sizes=\"(max-width: 1024px) 100vw, 1024px\" \/><\/a><\/figure>\n\n\n\n<figure class=\"wp-block-image size-large\"><a href=\"https:\/\/fec.com.ar\/2022\/wp-content\/uploads\/2025\/09\/WhatsApp-Image-2025-09-26-at-22.26.38.jpeg\"><img decoding=\"async\" width=\"1024\" height=\"770\" data-id=\"1306\" src=\"https:\/\/fec.com.ar\/2022\/wp-content\/uploads\/2025\/09\/WhatsApp-Image-2025-09-26-at-22.26.38-1024x770.jpeg\" alt=\"\" class=\"wp-image-1306\" srcset=\"http:\/\/fec.com.ar\/2022\/wp-content\/uploads\/2025\/09\/WhatsApp-Image-2025-09-26-at-22.26.38-1024x770.jpeg 1024w, http:\/\/fec.com.ar\/2022\/wp-content\/uploads\/2025\/09\/WhatsApp-Image-2025-09-26-at-22.26.38-300x226.jpeg 300w, http:\/\/fec.com.ar\/2022\/wp-content\/uploads\/2025\/09\/WhatsApp-Image-2025-09-26-at-22.26.38-768x578.jpeg 768w, http:\/\/fec.com.ar\/2022\/wp-content\/uploads\/2025\/09\/WhatsApp-Image-2025-09-26-at-22.26.38.jpeg 1280w\" sizes=\"(max-width: 1024px) 100vw, 1024px\" \/><\/a><\/figure>\n\n\n\n<figure class=\"wp-block-image size-large\"><a href=\"https:\/\/fec.com.ar\/2022\/wp-content\/uploads\/2025\/09\/unnamed-file.jpeg\"><img loading=\"lazy\" decoding=\"async\" width=\"770\" height=\"1024\" data-id=\"1307\" src=\"https:\/\/fec.com.ar\/2022\/wp-content\/uploads\/2025\/09\/unnamed-file-770x1024.jpeg\" alt=\"\" class=\"wp-image-1307\" srcset=\"http:\/\/fec.com.ar\/2022\/wp-content\/uploads\/2025\/09\/unnamed-file-770x1024.jpeg 770w, http:\/\/fec.com.ar\/2022\/wp-content\/uploads\/2025\/09\/unnamed-file-226x300.jpeg 226w, http:\/\/fec.com.ar\/2022\/wp-content\/uploads\/2025\/09\/unnamed-file-768x1021.jpeg 768w, http:\/\/fec.com.ar\/2022\/wp-content\/uploads\/2025\/09\/unnamed-file.jpeg 963w\" sizes=\"(max-width: 770px) 100vw, 770px\" \/><\/a><\/figure>\n\n\n\n<figure class=\"wp-block-image size-large\"><a href=\"https:\/\/fec.com.ar\/2022\/wp-content\/uploads\/2025\/09\/WhatsApp-Image-2025-09-26-at-22.30.30.jpeg\"><img loading=\"lazy\" decoding=\"async\" width=\"1024\" height=\"768\" data-id=\"1310\" src=\"https:\/\/fec.com.ar\/2022\/wp-content\/uploads\/2025\/09\/WhatsApp-Image-2025-09-26-at-22.30.30-1024x768.jpeg\" alt=\"\" class=\"wp-image-1310\" srcset=\"http:\/\/fec.com.ar\/2022\/wp-content\/uploads\/2025\/09\/WhatsApp-Image-2025-09-26-at-22.30.30-1024x768.jpeg 1024w, http:\/\/fec.com.ar\/2022\/wp-content\/uploads\/2025\/09\/WhatsApp-Image-2025-09-26-at-22.30.30-300x225.jpeg 300w, http:\/\/fec.com.ar\/2022\/wp-content\/uploads\/2025\/09\/WhatsApp-Image-2025-09-26-at-22.30.30-768x576.jpeg 768w, http:\/\/fec.com.ar\/2022\/wp-content\/uploads\/2025\/09\/WhatsApp-Image-2025-09-26-at-22.30.30-1536x1152.jpeg 1536w, http:\/\/fec.com.ar\/2022\/wp-content\/uploads\/2025\/09\/WhatsApp-Image-2025-09-26-at-22.30.30.jpeg 1600w\" sizes=\"(max-width: 1024px) 100vw, 1024px\" \/><\/a><\/figure>\n\n\n\n<figure class=\"wp-block-image size-large\"><a href=\"https:\/\/fec.com.ar\/2022\/wp-content\/uploads\/2025\/09\/WhatsApp-Image-2025-09-26-at-22.30.28.jpeg\"><img loading=\"lazy\" decoding=\"async\" width=\"768\" height=\"1024\" data-id=\"1308\" src=\"https:\/\/fec.com.ar\/2022\/wp-content\/uploads\/2025\/09\/WhatsApp-Image-2025-09-26-at-22.30.28-768x1024.jpeg\" alt=\"\" class=\"wp-image-1308\" srcset=\"http:\/\/fec.com.ar\/2022\/wp-content\/uploads\/2025\/09\/WhatsApp-Image-2025-09-26-at-22.30.28-768x1024.jpeg 768w, http:\/\/fec.com.ar\/2022\/wp-content\/uploads\/2025\/09\/WhatsApp-Image-2025-09-26-at-22.30.28-225x300.jpeg 225w, http:\/\/fec.com.ar\/2022\/wp-content\/uploads\/2025\/09\/WhatsApp-Image-2025-09-26-at-22.30.28-1152x1536.jpeg 1152w, http:\/\/fec.com.ar\/2022\/wp-content\/uploads\/2025\/09\/WhatsApp-Image-2025-09-26-at-22.30.28.jpeg 1200w\" sizes=\"(max-width: 768px) 100vw, 768px\" \/><\/a><\/figure>\n\n\n\n<figure class=\"wp-block-image size-large\"><a href=\"https:\/\/fec.com.ar\/2022\/wp-content\/uploads\/2025\/09\/WhatsApp-Image-2025-09-26-at-22.30.26.jpeg\"><img loading=\"lazy\" decoding=\"async\" width=\"1024\" height=\"768\" data-id=\"1311\" src=\"https:\/\/fec.com.ar\/2022\/wp-content\/uploads\/2025\/09\/WhatsApp-Image-2025-09-26-at-22.30.26-1024x768.jpeg\" alt=\"\" class=\"wp-image-1311\" srcset=\"http:\/\/fec.com.ar\/2022\/wp-content\/uploads\/2025\/09\/WhatsApp-Image-2025-09-26-at-22.30.26-1024x768.jpeg 1024w, http:\/\/fec.com.ar\/2022\/wp-content\/uploads\/2025\/09\/WhatsApp-Image-2025-09-26-at-22.30.26-300x225.jpeg 300w, http:\/\/fec.com.ar\/2022\/wp-content\/uploads\/2025\/09\/WhatsApp-Image-2025-09-26-at-22.30.26-768x576.jpeg 768w, http:\/\/fec.com.ar\/2022\/wp-content\/uploads\/2025\/09\/WhatsApp-Image-2025-09-26-at-22.30.26-1536x1152.jpeg 1536w, http:\/\/fec.com.ar\/2022\/wp-content\/uploads\/2025\/09\/WhatsApp-Image-2025-09-26-at-22.30.26.jpeg 1600w\" sizes=\"(max-width: 1024px) 100vw, 1024px\" \/><\/a><\/figure>\n<\/figure>\n\n\n\n<p><\/p>\n","protected":false},"excerpt":{"rendered":"<p>La Federaci\u00f3n de Entidades de Combustibles (FEC) inaugur\u00f3 el pasado viernes por la noche su renovada sede central, ubicada en Calle 15 entre 59 y 60 de la ciudad de La Plata, Provincia de Buenos Aires. Se trata de un edificio multiprop\u00f3sito, moderno y adaptado a los nuevos tiempos, que combina gesti\u00f3n institucional, capacitaci\u00f3n, conectividad [&hellip;]<\/p>\n","protected":false},"author":2,"featured_media":1309,"comment_status":"open","ping_status":"open","sticky":false,"template":"","format":"standard","meta":{"_uag_custom_page_level_css":"","footnotes":""},"categories":[1],"tags":[],"class_list":["post-1303","post","type-post","status-publish","format-standard","has-post-thumbnail","hentry","category-sin-categoria"],"uagb_featured_image_src":{"full":["http:\/\/fec.com.ar\/2022\/wp-content\/uploads\/2025\/09\/WhatsApp-Image-2025-09-26-at-22.30.29.jpeg",1600,1200,false],"thumbnail":["http:\/\/fec.com.ar\/2022\/wp-content\/uploads\/2025\/09\/WhatsApp-Image-2025-09-26-at-22.30.29-150x150.jpeg",150,150,true],"medium":["http:\/\/fec.com.ar\/2022\/wp-content\/uploads\/2025\/09\/WhatsApp-Image-2025-09-26-at-22.30.29-300x225.jpeg",300,225,true],"medium_large":["http:\/\/fec.com.ar\/2022\/wp-content\/uploads\/2025\/09\/WhatsApp-Image-2025-09-26-at-22.30.29-768x576.jpeg",640,480,true],"large":["http:\/\/fec.com.ar\/2022\/wp-content\/uploads\/2025\/09\/WhatsApp-Image-2025-09-26-at-22.30.29-1024x768.jpeg",640,480,true],"1536x1536":["http:\/\/fec.com.ar\/2022\/wp-content\/uploads\/2025\/09\/WhatsApp-Image-2025-09-26-at-22.30.29-1536x1152.jpeg",1536,1152,true],"2048x2048":["http:\/\/fec.com.ar\/2022\/wp-content\/uploads\/2025\/09\/WhatsApp-Image-2025-09-26-at-22.30.29.jpeg",1600,1200,false]},"uagb_author_info":{"display_name":false,"author_link":"http:\/\/fec.com.ar\/2022\/author\/c2151867\/"},"uagb_comment_info":0,"uagb_excerpt":"La Federaci\u00f3n de Entidades de Combustibles (FEC) inaugur\u00f3 el pasado viernes por la noche su renovada sede central, ubicada en Calle 15 entre 59 y 60 de la ciudad de La Plata, Provincia de Buenos Aires. Se trata de un edificio multiprop\u00f3sito, moderno y adaptado a los nuevos tiempos, que combina gesti\u00f3n institucional, capacitaci\u00f3n, conectividad&hellip;","_links":{"self":[{"href":"http:\/\/fec.com.ar\/2022\/wp-json\/wp\/v2\/posts\/1303","targetHints":{"allow":["GET"]}}],"collection":[{"href":"http:\/\/fec.com.ar\/2022\/wp-json\/wp\/v2\/posts"}],"about":[{"href":"http:\/\/fec.com.ar\/2022\/wp-json\/wp\/v2\/types\/post"}],"author":[{"embeddable":true,"href":"http:\/\/fec.com.ar\/2022\/wp-json\/wp\/v2\/users\/2"}],"replies":[{"embeddable":true,"href":"http:\/\/fec.com.ar\/2022\/wp-json\/wp\/v2\/comments?post=1303"}],"version-history":[{"count":2,"href":"http:\/\/fec.com.ar\/2022\/wp-json\/wp\/v2\/posts\/1303\/revisions"}],"predecessor-version":[{"id":1314,"href":"http:\/\/fec.com.ar\/2022\/wp-json\/wp\/v2\/posts\/1303\/revisions\/1314"}],"wp:featuredmedia":[{"embeddable":true,"href":"http:\/\/fec.com.ar\/2022\/wp-json\/wp\/v2\/media\/1309"}],"wp:attachment":[{"href":"http:\/\/fec.com.ar\/2022\/wp-json\/wp\/v2\/media?parent=1303"}],"wp:term":[{"taxonomy":"category","embeddable":true,"href":"http:\/\/fec.com.ar\/2022\/wp-json\/wp\/v2\/categories?post=1303"},{"taxonomy":"post_tag","embeddable":true,"href":"http:\/\/fec.com.ar\/2022\/wp-json\/wp\/v2\/tags?post=1303"}],"curies":[{"name":"wp","href":"https:\/\/api.w.org\/{rel}","templated":true}]}}