{"id":1199,"date":"2025-01-31T06:20:43","date_gmt":"2025-01-31T06:20:43","guid":{"rendered":"https:\/\/fec.com.ar\/2022\/?p=1199"},"modified":"2025-01-31T06:20:57","modified_gmt":"2025-01-31T06:20:57","slug":"mas-dudas-que-certezas-sobre-el-autodespacho-de-combustibles-en-argentina","status":"publish","type":"post","link":"https:\/\/fec.com.ar\/2022\/mas-dudas-que-certezas-sobre-el-autodespacho-de-combustibles-en-argentina\/","title":{"rendered":"M\u00c1S DUDAS QUE CERTEZAS SOBRE EL AUTODESPACHO DE COMBUSTIBLES EN ARGENTINA"},"content":{"rendered":"\n<p><a href=\"https:\/\/ciudadano.news\/economia\/\">Econom\u00eda<\/a><\/p>\n\n\n\n<p>Decreto 46\/2025<\/p>\n\n\n\n<h1 class=\"wp-block-heading\"><\/h1>\n\n\n\n<h2 class=\"wp-block-heading\">La nueva modalidad para la carga de naftas en el pa\u00eds por el momento ha generado incertidumbre. El periodista especializado Pablo Roma analiz\u00f3 la iniciativa en el programa Sin Verso de Ciudadano News.<\/h2>\n\n\n\n<p>Por&nbsp;<a href=\"https:\/\/ciudadano.news\/autor\/ciudadanonews-a52\">Ciudadano.News<\/a><\/p>\n\n\n\n<p><a href=\"https:\/\/ciudadano.news\/economia\/mas-dudas-certezas-sobre-autodespacho-combustibles-argentina-n94679#\"><\/a>&nbsp;<a href=\"https:\/\/ciudadano.news\/economia\/mas-dudas-certezas-sobre-autodespacho-combustibles-argentina-n94679#\"><\/a>&nbsp;<a href=\"https:\/\/ciudadano.news\/economia\/mas-dudas-certezas-sobre-autodespacho-combustibles-argentina-n94679#\"><\/a>&nbsp;<a href=\"https:\/\/ciudadano.news\/economia\/mas-dudas-certezas-sobre-autodespacho-combustibles-argentina-n94679#\"><\/a>&nbsp;<a href=\"https:\/\/ciudadano.news\/economia\/mas-dudas-certezas-sobre-autodespacho-combustibles-argentina-n94679#\"><\/a><\/p>\n\n\n\n<p>La nueva modalidad de autoservicio de combustibles en Argentina por el momento no est\u00e1 del todo clara y ha generado&nbsp;<a href=\"https:\/\/ciudadano.news\/sociedad\/algunas-provincias-mantendran-exigencia-carguen-nafta-playeros-n94672\" target=\"_blank\" rel=\"noreferrer noopener\">m\u00e1s dudas que certezas tanto en el sector estacionero como en los consumidores<\/a>&nbsp;que&nbsp;<strong>a\u00fan no saben si acceder\u00e1n a productos con precios diferenciados, tal como sostiene el Gobierno que suceder\u00e1.<\/strong><\/p>\n\n\n\n<p>As\u00ed lo consider\u00f3&nbsp;<strong>Pablo Roma<\/strong>, periodista especializado en combustibles, en el programa&nbsp;<em><strong>Sin Verso<\/strong>,&nbsp;<\/em>de&nbsp;<a href=\"https:\/\/ciudadano.news\/\" target=\"_blank\" rel=\"noreferrer noopener\"><em>Ciudadano.News<\/em><\/a>, quien admiti\u00f3 que \u00ab<strong>es dif\u00edcil tener el precio diferenciado entre un surtidor y otro<\/strong>\u00ab.&nbsp;<\/p>\n\n\n\n<p>\u00abSi bien cada uno puede poner un precio o m\u00e1s barato que otro, no es un supermercado. Podr\u00edas tener otra estaci\u00f3n a unas cinco cuadras con unos centavos menos\u00bb, apunt\u00f3.<\/p>\n\n\n\n<p>El Gobierno nacional autoriz\u00f3 el&nbsp;<strong>\u00abautodespacho\u00bb<\/strong>&nbsp;de combustible en todas las estaciones de servicio del pa\u00eds, una medida que hab\u00eda sido adelantada por el ministro de Desregulaci\u00f3n,&nbsp;<strong>Federico Sturzenegger<\/strong>.<strong>&nbsp;La oficializaci\u00f3n se produjo a trav\u00e9s del Decreto 46\/2025, publicado en el Bolet\u00edn Oficial.&nbsp;<\/strong>No obstante,&nbsp;<a href=\"https:\/\/ciudadano.news\/sociedad\/algunas-provincias-mantendran-exigencia-carguen-nafta-playeros-n94672\" target=\"_blank\" rel=\"noreferrer noopener\">el decreto choca con leyes provinciales que exigen que la carga de combustible se haga por personal capacitado<\/a>.&nbsp;<strong>&nbsp;<\/strong><\/p>\n\n\n\n<figure class=\"wp-block-image\"><img decoding=\"async\" src=\"https:\/\/statics.ciudadano.news\/2025\/01\/crop\/679b83c256c92__900x900.webp\" alt=\"Los estacioneros anticiparon que los m\u00e1s proclives para el autodespacho de combustibles son los j\u00f3venes.\"\/><figcaption class=\"wp-element-caption\">Los estacioneros anticiparon que los m\u00e1s proclives para el autodespacho de combustibles son los j\u00f3venes.<\/figcaption><\/figure>\n\n\n\n<p><strong>Lee tambi\u00e9n<\/strong><\/p>\n\n\n\n<h3 class=\"wp-block-heading\"><a href=\"https:\/\/ciudadano.news\/sociedad\/algunas-provincias-mantendran-exigencia-carguen-nafta-playeros-n94672\">Algunas provincias mantendr\u00e1n la exigencia de que carguen nafta s\u00f3lo playeros<\/a><\/h3>\n\n\n\n<p>\u00abAdem\u00e1s, las petroleras proponen precios sugeridos que si no son respetados podr\u00eda haber problemas. En Mendoza hay una estaci\u00f3n en Luj\u00e1n de Cuyo que es autoservicio que es propiedad de&nbsp;<strong>Omar De Marchi<\/strong>, hoy parte del directorio de Aerol\u00edneas Argentinas\u00bb, repas\u00f3.<\/p>\n\n\n\n<p>Y Rom\u00e1 admiti\u00f3 que \u00ablo que no se est\u00e1 hablando es como ser\u00e1 la competencia un poco m\u00e1s adelante. Porque hay detalles en el decreto de los que no se habla.&nbsp;<strong>El estacionero independiente que tiene sus gastos al d\u00eda, que ganan bien, pero que tienen un negocio familiar, sentir\u00e1 como m\u00e1s dif\u00edcil invertir unos 33 mil d\u00f3lares para ingresar al sistema de autoservicio<\/strong>\u00ab.<\/p>\n\n\n\n<p>\u00abComparando la venta de medicamentos en los kioskos, est\u00e1 bien la liberaci\u00f3n, pero habr\u00eda que ver hasta d\u00f3nde se permiten nuevas maneras de vender combustibles. Por lo que vemos todos los d\u00edas, hoy estamos ante la duda de que se podr\u00edan perder puestos de trabajo,&nbsp;<strong>pero a\u00fan no est\u00e1 del todo claro el decreto que habilita ciertos horarios para ese tipo de expendio<\/strong>\u00ab, reflexion\u00f3.<\/p>\n\n\n\n<p>Y concluy\u00f3: \u00abLos estacioneros est\u00e1n viendo a la iniciativa como una herramienta m\u00e1s que tienen las estaciones y los clientes para el expendio de combustible. Esto va a requerir de cambios culturales por parte de los consumidores. Las experiencias que hay muestran que su uso depende del rango etario.<strong>&nbsp;Los m\u00e1s j\u00f3venes son m\u00e1s propensos al autoconsumo, pero la gente de m\u00e1s edad prefiere el expendio com\u00fan<\/strong>\u00ab.<\/p>\n","protected":false},"excerpt":{"rendered":"<p>Econom\u00eda Decreto 46\/2025 La nueva modalidad para la carga de naftas en el pa\u00eds por el momento ha generado incertidumbre. El periodista especializado Pablo Roma analiz\u00f3 la iniciativa en el programa Sin Verso de Ciudadano News. Por&nbsp;Ciudadano.News &nbsp;&nbsp;&nbsp;&nbsp; La nueva modalidad de autoservicio de combustibles en Argentina por el momento no est\u00e1 del todo clara [&hellip;]<\/p>\n","protected":false},"author":2,"featured_media":1200,"comment_status":"open","ping_status":"open","sticky":false,"template":"","format":"standard","meta":{"_uag_custom_page_level_css":"","footnotes":""},"categories":[1],"tags":[],"class_list":["post-1199","post","type-post","status-publish","format-standard","has-post-thumbnail","hentry","category-sin-categoria"],"uagb_featured_image_src":{"full":["https:\/\/fec.com.ar\/2022\/wp-content\/uploads\/2025\/01\/679b89678e6fe__980x490-1.webp",980,490,false],"thumbnail":["https:\/\/fec.com.ar\/2022\/wp-content\/uploads\/2025\/01\/679b89678e6fe__980x490-1-150x150.webp",150,150,true],"medium":["https:\/\/fec.com.ar\/2022\/wp-content\/uploads\/2025\/01\/679b89678e6fe__980x490-1-300x150.webp",300,150,true],"medium_large":["https:\/\/fec.com.ar\/2022\/wp-content\/uploads\/2025\/01\/679b89678e6fe__980x490-1-768x384.webp",640,320,true],"large":["https:\/\/fec.com.ar\/2022\/wp-content\/uploads\/2025\/01\/679b89678e6fe__980x490-1.webp",640,320,false],"1536x1536":["https:\/\/fec.com.ar\/2022\/wp-content\/uploads\/2025\/01\/679b89678e6fe__980x490-1.webp",980,490,false],"2048x2048":["https:\/\/fec.com.ar\/2022\/wp-content\/uploads\/2025\/01\/679b89678e6fe__980x490-1.webp",980,490,false]},"uagb_author_info":{"display_name":false,"author_link":"https:\/\/fec.com.ar\/2022\/author\/c2151867\/"},"uagb_comment_info":1,"uagb_excerpt":"Econom\u00eda Decreto 46\/2025 La nueva modalidad para la carga de naftas en el pa\u00eds por el momento ha generado incertidumbre. El periodista especializado Pablo Roma analiz\u00f3 la iniciativa en el programa Sin Verso de Ciudadano News. Por&nbsp;Ciudadano.News &nbsp;&nbsp;&nbsp;&nbsp; La nueva modalidad de autoservicio de combustibles en Argentina por el momento no est\u00e1 del todo clara&hellip;","_links":{"self":[{"href":"https:\/\/fec.com.ar\/2022\/wp-json\/wp\/v2\/posts\/1199","targetHints":{"allow":["GET"]}}],"collection":[{"href":"https:\/\/fec.com.ar\/2022\/wp-json\/wp\/v2\/posts"}],"about":[{"href":"https:\/\/fec.com.ar\/2022\/wp-json\/wp\/v2\/types\/post"}],"author":[{"embeddable":true,"href":"https:\/\/fec.com.ar\/2022\/wp-json\/wp\/v2\/users\/2"}],"replies":[{"embeddable":true,"href":"https:\/\/fec.com.ar\/2022\/wp-json\/wp\/v2\/comments?post=1199"}],"version-history":[{"count":1,"href":"https:\/\/fec.com.ar\/2022\/wp-json\/wp\/v2\/posts\/1199\/revisions"}],"predecessor-version":[{"id":1201,"href":"https:\/\/fec.com.ar\/2022\/wp-json\/wp\/v2\/posts\/1199\/revisions\/1201"}],"wp:featuredmedia":[{"embeddable":true,"href":"https:\/\/fec.com.ar\/2022\/wp-json\/wp\/v2\/media\/1200"}],"wp:attachment":[{"href":"https:\/\/fec.com.ar\/2022\/wp-json\/wp\/v2\/media?parent=1199"}],"wp:term":[{"taxonomy":"category","embeddable":true,"href":"https:\/\/fec.com.ar\/2022\/wp-json\/wp\/v2\/categories?post=1199"},{"taxonomy":"post_tag","embeddable":true,"href":"https:\/\/fec.com.ar\/2022\/wp-json\/wp\/v2\/tags?post=1199"}],"curies":[{"name":"wp","href":"https:\/\/api.w.org\/{rel}","templated":true}]}}