{"id":1210,"date":"2025-02-25T19:39:06","date_gmt":"2025-02-25T19:39:06","guid":{"rendered":"https:\/\/fec.com.ar\/2022\/?p=1210"},"modified":"2025-02-25T19:39:07","modified_gmt":"2025-02-25T19:39:07","slug":"nueva-polemica-entre-estacioneros-y-municipios-por-tareas-de-fiscalizacion-vial","status":"publish","type":"post","link":"https:\/\/fec.com.ar\/2022\/nueva-polemica-entre-estacioneros-y-municipios-por-tareas-de-fiscalizacion-vial\/","title":{"rendered":"NUEVA POL\u00c9MICA ENTRE ESTACIONEROS Y MUNICIPIOS POR TAREAS DE FISCALIZACI\u00d3N VIAL"},"content":{"rendered":"\n<p>El eterno debate entre las Estaciones de Servicio y los funcionarios municipales vuelve a encenderse. En San Pedro, el Gobierno local notific\u00f3 a los expendedores de combustible que deben hacer cumplir la normativa vigente que impide cargar nafta a motociclistas que no lleven casco y chaleco reflectante.<\/p>\n\n\n\n<p>Con la firma del Secretario de Econom\u00eda, Roberto Borgo, la intendencia envi\u00f3 un comunicado oficial a todas las Estaciones de Servicio de la ciudad y localidades cercanas. \u201cSe implementar\u00e1n mayores controles respecto del cumplimiento de la normativa vigente\u201c, se\u00f1ala el documento, en el que tambi\u00e9n se advierte sobre sanciones para quienes no acaten la disposici\u00f3n.<\/p>\n\n\n\n<p>Nuevamente la obligaci\u00f3n de usar casco para cargar nafta genera pol\u00e9mica en las Estaciones de Servicio<br>En Salta, el Concejo Deliberante busca imponer responsabilidades de control a los estacioneros a trav\u00e9s de una resoluci\u00f3n que les proh\u00edbe cargar nafta a conductores de motos que no tengan su casco puesto. Los estacioneros acudir\u00e1n al palacio legislativo.<br>Desde hace a\u00f1os, la ley provincial establece que est\u00e1 prohibido cargar combustible a motociclistas que no lleven casco reglamentario y chaleco reflectante. En otros distritos bonaerenses, los gobiernos locales publican desde hace tiempo, carteles con la advertencia: \u201cProtegemos tu vida: sin casco ni chaleco no hay combustible\u201d. Ahora, San Pedro refuerza la medida y se suma a la fiscalizaci\u00f3n activa.<\/p>\n\n\n\n<p>Sin embargo, los estacioneros rechazan la disposici\u00f3n y aseguran que no les corresponde hacer cumplir la resoluci\u00f3n. \u201cNo somos agentes del orden para controlar si un motociclista usa o no su casco\u201c, remarc\u00f3 Juan Carlos Bas\u00edlico, presidente de la Federaci\u00f3n de Entidades de Combustibles, en di\u00e1logo con surtidores.com.ar.<\/p>\n\n\n\n<p>El empresario denunci\u00f3 que los empleados de Estaciones de Servicio sufren constantes agresiones por parte de motociclistas que se niegan a cumplir la ley vial. \u201cEn la provincia de Buenos Aires, ya se han registrado m\u00e1s de un centenar de hechos violentos contra los playeros\u201c, alert\u00f3. Adem\u00e1s, subray\u00f3 que ni las c\u00e1maras empresarias ni los sindicatos est\u00e1n de acuerdo con la medida, ya que entienden que la fiscalizaci\u00f3n corresponde a las fuerzas de seguridad.<\/p>\n\n\n\n<p>\u201cLos expendedores no tenemos poder de polic\u00eda\u201c, enfatiz\u00f3 el dirigente, y advirti\u00f3 que la normativa pone en riesgo la integridad f\u00edsica de los trabajadores. \u201cSi los municipios contin\u00faan delegando esta responsabilidad en el sector, el peligro sobre la integridad de nuestro personal aumentar\u00e1 enormemente\u201d, indic\u00f3.<\/p>\n\n\n\n<p>Desde la FEC adelantaron que eval\u00faan con el Sindicato de Obreros y Empleados de Estaciones de Servicio (SOESGyPE) elevar un reclamo conjunto ante las autoridades municipales. \u201cPor mandato constitucional, ning\u00fan acto administrativo puede imponer la funci\u00f3n p\u00fablica a particulares\u201c, sentenci\u00f3 Bas\u00edlico.<\/p>\n","protected":false},"excerpt":{"rendered":"<p>El eterno debate entre las Estaciones de Servicio y los funcionarios municipales vuelve a encenderse. En San Pedro, el Gobierno local notific\u00f3 a los expendedores de combustible que deben hacer cumplir la normativa vigente que impide cargar nafta a motociclistas que no lleven casco y chaleco reflectante. Con la firma del Secretario de Econom\u00eda, Roberto [&hellip;]<\/p>\n","protected":false},"author":2,"featured_media":1211,"comment_status":"open","ping_status":"open","sticky":false,"template":"","format":"standard","meta":{"_uag_custom_page_level_css":"","footnotes":""},"categories":[1],"tags":[],"class_list":["post-1210","post","type-post","status-publish","format-standard","has-post-thumbnail","hentry","category-sin-categoria"],"uagb_featured_image_src":{"full":["https:\/\/fec.com.ar\/2022\/wp-content\/uploads\/2025\/02\/Nueva-polemica-entre-estacioneros-y-municipios-por-tareas-de-fiscalizacion-vial-.jpg",750,422,false],"thumbnail":["https:\/\/fec.com.ar\/2022\/wp-content\/uploads\/2025\/02\/Nueva-polemica-entre-estacioneros-y-municipios-por-tareas-de-fiscalizacion-vial--150x150.jpg",150,150,true],"medium":["https:\/\/fec.com.ar\/2022\/wp-content\/uploads\/2025\/02\/Nueva-polemica-entre-estacioneros-y-municipios-por-tareas-de-fiscalizacion-vial--300x169.jpg",300,169,true],"medium_large":["https:\/\/fec.com.ar\/2022\/wp-content\/uploads\/2025\/02\/Nueva-polemica-entre-estacioneros-y-municipios-por-tareas-de-fiscalizacion-vial-.jpg",640,360,false],"large":["https:\/\/fec.com.ar\/2022\/wp-content\/uploads\/2025\/02\/Nueva-polemica-entre-estacioneros-y-municipios-por-tareas-de-fiscalizacion-vial-.jpg",640,360,false],"1536x1536":["https:\/\/fec.com.ar\/2022\/wp-content\/uploads\/2025\/02\/Nueva-polemica-entre-estacioneros-y-municipios-por-tareas-de-fiscalizacion-vial-.jpg",750,422,false],"2048x2048":["https:\/\/fec.com.ar\/2022\/wp-content\/uploads\/2025\/02\/Nueva-polemica-entre-estacioneros-y-municipios-por-tareas-de-fiscalizacion-vial-.jpg",750,422,false]},"uagb_author_info":{"display_name":false,"author_link":"https:\/\/fec.com.ar\/2022\/author\/c2151867\/"},"uagb_comment_info":0,"uagb_excerpt":"El eterno debate entre las Estaciones de Servicio y los funcionarios municipales vuelve a encenderse. En San Pedro, el Gobierno local notific\u00f3 a los expendedores de combustible que deben hacer cumplir la normativa vigente que impide cargar nafta a motociclistas que no lleven casco y chaleco reflectante. Con la firma del Secretario de Econom\u00eda, Roberto&hellip;","_links":{"self":[{"href":"https:\/\/fec.com.ar\/2022\/wp-json\/wp\/v2\/posts\/1210","targetHints":{"allow":["GET"]}}],"collection":[{"href":"https:\/\/fec.com.ar\/2022\/wp-json\/wp\/v2\/posts"}],"about":[{"href":"https:\/\/fec.com.ar\/2022\/wp-json\/wp\/v2\/types\/post"}],"author":[{"embeddable":true,"href":"https:\/\/fec.com.ar\/2022\/wp-json\/wp\/v2\/users\/2"}],"replies":[{"embeddable":true,"href":"https:\/\/fec.com.ar\/2022\/wp-json\/wp\/v2\/comments?post=1210"}],"version-history":[{"count":1,"href":"https:\/\/fec.com.ar\/2022\/wp-json\/wp\/v2\/posts\/1210\/revisions"}],"predecessor-version":[{"id":1212,"href":"https:\/\/fec.com.ar\/2022\/wp-json\/wp\/v2\/posts\/1210\/revisions\/1212"}],"wp:featuredmedia":[{"embeddable":true,"href":"https:\/\/fec.com.ar\/2022\/wp-json\/wp\/v2\/media\/1211"}],"wp:attachment":[{"href":"https:\/\/fec.com.ar\/2022\/wp-json\/wp\/v2\/media?parent=1210"}],"wp:term":[{"taxonomy":"category","embeddable":true,"href":"https:\/\/fec.com.ar\/2022\/wp-json\/wp\/v2\/categories?post=1210"},{"taxonomy":"post_tag","embeddable":true,"href":"https:\/\/fec.com.ar\/2022\/wp-json\/wp\/v2\/tags?post=1210"}],"curies":[{"name":"wp","href":"https:\/\/api.w.org\/{rel}","templated":true}]}}