{"id":1215,"date":"2025-02-27T16:54:56","date_gmt":"2025-02-27T16:54:56","guid":{"rendered":"https:\/\/fec.com.ar\/2022\/?p=1215"},"modified":"2025-02-27T17:00:28","modified_gmt":"2025-02-27T17:00:28","slug":"el-tanque-lleno-no-va-mas-la-venta-de-combustible-sigue-en-picada","status":"publish","type":"post","link":"https:\/\/fec.com.ar\/2022\/el-tanque-lleno-no-va-mas-la-venta-de-combustible-sigue-en-picada\/","title":{"rendered":"EL TANQUE LLENO NO VA M\u00c1S: LA VENTA DE COMBUSTIBLE SIGUE EN PICADA"},"content":{"rendered":"\n<p>El expendio de nafta y gasoil a nivel local tambi\u00e9n registr\u00f3 una ca\u00edda interanual que ronda entre el 10 y el 15%. Se consolida la demanda de la l\u00ednea de productos m\u00e1s barata. En el contexto, no se descarta un nuevo aumento<\/p>\n\n\n\n<p><\/p>\n\n\n\n<p>La venta de nafta y gasoil cay\u00f3 en la Ciudad entre un 10 y un 15% interanual, siguiendo la tendencia que se registra hace 14 meses a nivel nacional. El derrumbe en las ventas a nivel Provincial fue del 20%, seg\u00fan se indic\u00f3 en el sector, desde donde se manifest\u00f3 preocupaci\u00f3n por la situaci\u00f3n. En el contexto, marzo podr\u00eda venir con un nuevo aumento de precios en los surtidores, que rondar\u00eda el 2%.<\/p>\n\n\n\n<p>Al confirmar la ca\u00edda en las ventas en la Regi\u00f3n, Juan Carlos Bas\u00edlico, presidente de la Federaci\u00f3n de Entidades de Combustible de la Provincia de Buenos Aires, expres\u00f3 la incertidumbre que atraviesa la actividad con este complejo presente.<\/p>\n\n\n\n<p>Al describir la situaci\u00f3n indic\u00f3 que en el contexto \u201cla gente se est\u00e1 cuidando en el uso del auto. Cargan 15 mil pesos, ya no se pide m\u00e1s llenar el tanque\u201d.<\/p>\n\n\n\n<p>Con respecto a los factores que influyen en el retroceso que hace m\u00e1s de un a\u00f1o sufre el expendio de combustible, el dirigente consider\u00f3 que \u201ces porque la situaci\u00f3n econ\u00f3mica no est\u00e1 bien en todos los rubros, no s\u00f3lo en las estaciones de servicio\u201d. Adem\u00e1s, \u201cla gente se cuida porque los sueldo no son gran cosa\u201d, a\u00f1adi\u00f3.<\/p>\n\n\n\n<p>Al igual que se viene registrando en los \u00faltimos meses, ante la p\u00e9rdida del poder adquisitivo, los automovilistas se siguen inclinando por la l\u00ednea de combustibles m\u00e1s econ\u00f3mica.<\/p>\n\n\n\n<p>\u201cSigue 5 a 1 la nafta s\u00faper sobre la premium. Con el gasoil pasa lo mismo. Lamentablemente, s\u00f3lo los autos que salen caros usan la l\u00ednea m\u00e1s caras y las compa\u00f1\u00edas de autos ya est\u00e1n fabricando veh\u00edculos para la carga de nafta s\u00faper\u201d, coment\u00f3 Bas\u00edlico.<\/p>\n\n\n\n<p><\/p>\n\n\n\n<p>Con el retroceso en las ventas que el sector experimenta desde el a\u00f1o pasado, los estacioneros no dejan de expresar intranquilidad por el impacto en la actividad. \u201cEstamos preocupados, porque no podemos cubrir los salarios de los empleados. Hoy un playero gana alrededor de un mill\u00f3n y medio de pesos y el sueldo del encargado est\u00e1 cerca de los dos millones\u201d.<\/p>\n\n\n\n<p>Sin embargo, el dirigente asegur\u00f3 que pese a este cuadro pr\u00e1cticamente no se registran cierre de estaciones de servicio: \u201cSiguen creciendo\u201d, asegur\u00f3.<\/p>\n\n\n\n<p>Por su parte, Gustavo Luzardo, due\u00f1o de una estaci\u00f3n de servicio en Villa Elisa, tambi\u00e9n ratific\u00f3 la ca\u00edda en la comercializaci\u00f3n de la nafta y el gasoil. \u201cEl tema est\u00e1 muy complicado y la venta baj\u00f3 much\u00edsimo, pero como el gas subi\u00f3 tanto y en muchos casos no se consegu\u00eda, hay quienes se volcaron por la nafta\u201d, explic\u00f3.<\/p>\n\n\n\n<p>En la misma l\u00ednea que su colega, respecto a la preferencia de los automovilistas por la l\u00ednea de combustible m\u00e1s econ\u00f3mica, sostuvo que \u201clos productos premium se venden m\u00e1s los d\u00edas de promociones. La gente se desespera y trata de aprovecharlas, pero igual se siguen inclinando por el tipo de nafta y gasoil que es un poco m\u00e1s barato para el bolsillo\u201d.<\/p>\n\n\n\n<p><\/p>\n","protected":false},"excerpt":{"rendered":"<p>El expendio de nafta y gasoil a nivel local tambi\u00e9n registr\u00f3 una ca\u00edda interanual que ronda entre el 10 y el 15%. Se consolida la demanda de la l\u00ednea de productos m\u00e1s barata. En el contexto, no se descarta un nuevo aumento La venta de nafta y gasoil cay\u00f3 en la Ciudad entre un 10 [&hellip;]<\/p>\n","protected":false},"author":2,"featured_media":1216,"comment_status":"open","ping_status":"open","sticky":false,"template":"","format":"standard","meta":{"_uag_custom_page_level_css":"","footnotes":""},"categories":[1],"tags":[],"class_list":["post-1215","post","type-post","status-publish","format-standard","has-post-thumbnail","hentry","category-sin-categoria"],"uagb_featured_image_src":{"full":["https:\/\/fec.com.ar\/2022\/wp-content\/uploads\/2025\/02\/1740629909240.jpg",1024,640,false],"thumbnail":["https:\/\/fec.com.ar\/2022\/wp-content\/uploads\/2025\/02\/1740629909240-150x150.jpg",150,150,true],"medium":["https:\/\/fec.com.ar\/2022\/wp-content\/uploads\/2025\/02\/1740629909240-300x188.jpg",300,188,true],"medium_large":["https:\/\/fec.com.ar\/2022\/wp-content\/uploads\/2025\/02\/1740629909240-768x480.jpg",640,400,true],"large":["https:\/\/fec.com.ar\/2022\/wp-content\/uploads\/2025\/02\/1740629909240.jpg",640,400,false],"1536x1536":["https:\/\/fec.com.ar\/2022\/wp-content\/uploads\/2025\/02\/1740629909240.jpg",1024,640,false],"2048x2048":["https:\/\/fec.com.ar\/2022\/wp-content\/uploads\/2025\/02\/1740629909240.jpg",1024,640,false]},"uagb_author_info":{"display_name":false,"author_link":"https:\/\/fec.com.ar\/2022\/author\/c2151867\/"},"uagb_comment_info":0,"uagb_excerpt":"El expendio de nafta y gasoil a nivel local tambi\u00e9n registr\u00f3 una ca\u00edda interanual que ronda entre el 10 y el 15%. Se consolida la demanda de la l\u00ednea de productos m\u00e1s barata. En el contexto, no se descarta un nuevo aumento La venta de nafta y gasoil cay\u00f3 en la Ciudad entre un 10&hellip;","_links":{"self":[{"href":"https:\/\/fec.com.ar\/2022\/wp-json\/wp\/v2\/posts\/1215","targetHints":{"allow":["GET"]}}],"collection":[{"href":"https:\/\/fec.com.ar\/2022\/wp-json\/wp\/v2\/posts"}],"about":[{"href":"https:\/\/fec.com.ar\/2022\/wp-json\/wp\/v2\/types\/post"}],"author":[{"embeddable":true,"href":"https:\/\/fec.com.ar\/2022\/wp-json\/wp\/v2\/users\/2"}],"replies":[{"embeddable":true,"href":"https:\/\/fec.com.ar\/2022\/wp-json\/wp\/v2\/comments?post=1215"}],"version-history":[{"count":1,"href":"https:\/\/fec.com.ar\/2022\/wp-json\/wp\/v2\/posts\/1215\/revisions"}],"predecessor-version":[{"id":1217,"href":"https:\/\/fec.com.ar\/2022\/wp-json\/wp\/v2\/posts\/1215\/revisions\/1217"}],"wp:featuredmedia":[{"embeddable":true,"href":"https:\/\/fec.com.ar\/2022\/wp-json\/wp\/v2\/media\/1216"}],"wp:attachment":[{"href":"https:\/\/fec.com.ar\/2022\/wp-json\/wp\/v2\/media?parent=1215"}],"wp:term":[{"taxonomy":"category","embeddable":true,"href":"https:\/\/fec.com.ar\/2022\/wp-json\/wp\/v2\/categories?post=1215"},{"taxonomy":"post_tag","embeddable":true,"href":"https:\/\/fec.com.ar\/2022\/wp-json\/wp\/v2\/tags?post=1215"}],"curies":[{"name":"wp","href":"https:\/\/api.w.org\/{rel}","templated":true}]}}