{"id":1223,"date":"2025-03-25T19:30:24","date_gmt":"2025-03-25T19:30:24","guid":{"rendered":"https:\/\/fec.com.ar\/2022\/?p=1223"},"modified":"2025-03-25T19:31:35","modified_gmt":"2025-03-25T19:31:35","slug":"se-renueva-el-debate-por-la-difusion-de-musica-en-las-estaciones-de-servicio","status":"publish","type":"post","link":"https:\/\/fec.com.ar\/2022\/se-renueva-el-debate-por-la-difusion-de-musica-en-las-estaciones-de-servicio\/","title":{"rendered":"SE RENUEVA EL DEBATE POR LA DIFUSI\u00d3N DE M\u00daSICA EN LAS ESTACIONES DE SERVICIO"},"content":{"rendered":"\n<p>El Gobierno nacional introdujo un cambio significativo en la administraci\u00f3n de los derechos de autor, el cual si bien no impacta directamente en la operatoria de la actividad, revive temas a\u00fan irresueltos.<\/p>\n\n\n\n<p>Se renueva el debate por la difusi\u00f3n de m\u00fasica en las Estaciones de Servicio<br>Una normativa obligaba a las Tiendas a pagar aranceles por la difusi\u00f3n de m\u00fasica<br><br>Por Redacci\u00f3n Surtidores<\/p>\n\n\n\n<p>Las Estaciones de Servicio siguen con expectativas la nueva normativa que deja al libre albedr\u00edo de los artistas las gestiones de sus derechos sin intermediaci\u00f3n obligatoria, posibilitando la firma de acuerdos directos y la creaci\u00f3n de nuevas entidades que compitan con organizaciones tradicionales como la Sociedad Argentina de Autores y Compositores.<\/p>\n\n\n\n<p>El impacto de esta medida trajo nuevamente a la agenda el an\u00e1lisis sobre la aplicaci\u00f3n de las flexibilizaciones establecidas en el anterior Decreto 765\/2024.<\/p>\n\n\n\n<p>Dicha resoluci\u00f3n presidencial, hab\u00eda dejado sin efecto una modificaci\u00f3n normativa que obligaba a estos establecimientos a pagar aranceles a SADAIC por la difusi\u00f3n de m\u00fasica y en este caso, la reciente norma refuerza la postura de que la exhibici\u00f3n de fonogramas en televisores o parlantes no deber\u00eda estar sujeta a los reclamos de las entidades de derechos de autor.<\/p>\n\n\n\n<p>Discrepan en torno al pago de SADAIC en Estaciones de Servicio<br>El Decreto 765\/2024 dej\u00f3 sin efecto una modificaci\u00f3n normativa sobre la difusi\u00f3n de m\u00fasica o contenidos audiovisuales. Especialistas legales analizan sobre la responsabilidad de los expendedores de abonar o no el arancel.<br>Al respecto, el Dr. Fabi\u00e1n Alejandro Tobalo, asesor legal de la Federaci\u00f3n de Entidades de Combustibles, explic\u00f3 a surtidores.com.ar, que el nuevo decreto complementa la resoluci\u00f3n presidencial del a\u00f1o pasado. El letrado indic\u00f3 que desde la FEC presentaron un pedido de pronto despacho al Ministerio del Interior para que se expida sobre lo que consideran una doble imposici\u00f3n. Argumentan que los estacioneros que emiten m\u00fasica a trav\u00e9s de un canal de cable ya pagan derechos de autor en la factura del servicio, por lo que los reclamos adicionales resultar\u00edan improcedentes.<\/p>\n\n\n\n<p>\u201cHasta el momento, la respuesta oficial sigue pendiente, mientras que en la pr\u00e1ctica persisten visitas de cobradores de entidades como AADI-CAPIF, exigiendo el pago de derechos de autor\u201d, inform\u00f3 el abogado.<\/p>\n\n\n\n<p>Bajo estas circunstancias, Tobalo recomend\u00f3 a los asociados mantener las pantallas en modo silencioso mientras persista la incertidumbre, ya que los reclamos se enfocan en la reproducci\u00f3n de m\u00fasica.<\/p>\n\n\n\n<p>En este sentido, el ministro Federico Sturzenegger afirm\u00f3 que el objetivo es eliminar un sistema de control estatal que, a su juicio, permit\u00eda ejercer presi\u00f3n sobre los artistas. El esquema anterior, instaurado en los a\u00f1os \u201970, generaba una estructura burocr\u00e1tica que, seg\u00fan el funcionario, favorec\u00eda o perjudicaba a los creadores en funci\u00f3n de intereses pol\u00edticos.<\/p>\n\n\n\n<p>Sin embargo, el debate persiste en torno a la consideraci\u00f3n de las tiendas de conveniencia como espacios de acceso p\u00fablico. La Ley de Propiedad Intelectual N\u00ba 11.723 establece que cualquier difusi\u00f3n de m\u00fasica en un lugar de acceso p\u00fablico con fines comerciales debe ser considerada \u201cejecuci\u00f3n p\u00fablica\u201d y, por ende, sujeta al pago de aranceles.<\/p>\n\n\n\n<p><\/p>\n","protected":false},"excerpt":{"rendered":"<p>El Gobierno nacional introdujo un cambio significativo en la administraci\u00f3n de los derechos de autor, el cual si bien no impacta directamente en la operatoria de la actividad, revive temas a\u00fan irresueltos. Se renueva el debate por la difusi\u00f3n de m\u00fasica en las Estaciones de ServicioUna normativa obligaba a las Tiendas a pagar aranceles por [&hellip;]<\/p>\n","protected":false},"author":2,"featured_media":1224,"comment_status":"open","ping_status":"open","sticky":false,"template":"","format":"standard","meta":{"_uag_custom_page_level_css":"","footnotes":""},"categories":[1],"tags":[],"class_list":["post-1223","post","type-post","status-publish","format-standard","has-post-thumbnail","hentry","category-sin-categoria"],"uagb_featured_image_src":{"full":["https:\/\/fec.com.ar\/2022\/wp-content\/uploads\/2025\/03\/Se-renueva-el-debate-por-la-difusion-de-musica-en-las-Estaciones-de-Servicio.jpg",750,422,false],"thumbnail":["https:\/\/fec.com.ar\/2022\/wp-content\/uploads\/2025\/03\/Se-renueva-el-debate-por-la-difusion-de-musica-en-las-Estaciones-de-Servicio-150x150.jpg",150,150,true],"medium":["https:\/\/fec.com.ar\/2022\/wp-content\/uploads\/2025\/03\/Se-renueva-el-debate-por-la-difusion-de-musica-en-las-Estaciones-de-Servicio-300x169.jpg",300,169,true],"medium_large":["https:\/\/fec.com.ar\/2022\/wp-content\/uploads\/2025\/03\/Se-renueva-el-debate-por-la-difusion-de-musica-en-las-Estaciones-de-Servicio.jpg",640,360,false],"large":["https:\/\/fec.com.ar\/2022\/wp-content\/uploads\/2025\/03\/Se-renueva-el-debate-por-la-difusion-de-musica-en-las-Estaciones-de-Servicio.jpg",640,360,false],"1536x1536":["https:\/\/fec.com.ar\/2022\/wp-content\/uploads\/2025\/03\/Se-renueva-el-debate-por-la-difusion-de-musica-en-las-Estaciones-de-Servicio.jpg",750,422,false],"2048x2048":["https:\/\/fec.com.ar\/2022\/wp-content\/uploads\/2025\/03\/Se-renueva-el-debate-por-la-difusion-de-musica-en-las-Estaciones-de-Servicio.jpg",750,422,false]},"uagb_author_info":{"display_name":false,"author_link":"https:\/\/fec.com.ar\/2022\/author\/c2151867\/"},"uagb_comment_info":0,"uagb_excerpt":"El Gobierno nacional introdujo un cambio significativo en la administraci\u00f3n de los derechos de autor, el cual si bien no impacta directamente en la operatoria de la actividad, revive temas a\u00fan irresueltos. Se renueva el debate por la difusi\u00f3n de m\u00fasica en las Estaciones de ServicioUna normativa obligaba a las Tiendas a pagar aranceles por&hellip;","_links":{"self":[{"href":"https:\/\/fec.com.ar\/2022\/wp-json\/wp\/v2\/posts\/1223","targetHints":{"allow":["GET"]}}],"collection":[{"href":"https:\/\/fec.com.ar\/2022\/wp-json\/wp\/v2\/posts"}],"about":[{"href":"https:\/\/fec.com.ar\/2022\/wp-json\/wp\/v2\/types\/post"}],"author":[{"embeddable":true,"href":"https:\/\/fec.com.ar\/2022\/wp-json\/wp\/v2\/users\/2"}],"replies":[{"embeddable":true,"href":"https:\/\/fec.com.ar\/2022\/wp-json\/wp\/v2\/comments?post=1223"}],"version-history":[{"count":2,"href":"https:\/\/fec.com.ar\/2022\/wp-json\/wp\/v2\/posts\/1223\/revisions"}],"predecessor-version":[{"id":1226,"href":"https:\/\/fec.com.ar\/2022\/wp-json\/wp\/v2\/posts\/1223\/revisions\/1226"}],"wp:featuredmedia":[{"embeddable":true,"href":"https:\/\/fec.com.ar\/2022\/wp-json\/wp\/v2\/media\/1224"}],"wp:attachment":[{"href":"https:\/\/fec.com.ar\/2022\/wp-json\/wp\/v2\/media?parent=1223"}],"wp:term":[{"taxonomy":"category","embeddable":true,"href":"https:\/\/fec.com.ar\/2022\/wp-json\/wp\/v2\/categories?post=1223"},{"taxonomy":"post_tag","embeddable":true,"href":"https:\/\/fec.com.ar\/2022\/wp-json\/wp\/v2\/tags?post=1223"}],"curies":[{"name":"wp","href":"https:\/\/api.w.org\/{rel}","templated":true}]}}