{"id":1244,"date":"2025-05-02T17:17:17","date_gmt":"2025-05-02T17:17:17","guid":{"rendered":"https:\/\/fec.com.ar\/2022\/?p=1244"},"modified":"2025-05-02T17:17:18","modified_gmt":"2025-05-02T17:17:18","slug":"la-primaverita-de-la-nafta-tras-bajar-el-precio-para-los-estacioneros-podria-subir-16","status":"publish","type":"post","link":"https:\/\/fec.com.ar\/2022\/la-primaverita-de-la-nafta-tras-bajar-el-precio-para-los-estacioneros-podria-subir-16\/","title":{"rendered":"LA \u201cPRIMAVERITA\u201d DE LA NAFTA: TRAS BAJAR EL PRECIO, PARA LOS ESTACIONEROS PODR\u00cdA SUBIR 16%"},"content":{"rendered":"\n<p>En la c\u00e1mara del sector consideran que el precio actual indica un atraso en la actualizaci\u00f3n impositiva que se propuso el Gobierno. En la Ciudad, sigue cayendo la venta. En abril se estima que estuvo entre el 2 y el 3% abajo<\/p>\n\n\n\n<p>La \u201cprimaverita\u201d de la nafta: tras bajar el precio, para los estacioneros podr\u00eda subir 16%<br>La venta de combustible en la Ciudad cay\u00f3 entre un 2 y 3 por ciento en las \u00faltimas semanas \/ C\u00e9sar Santoro<\/p>\n\n\n\n<p><br>El combustible baj\u00f3 un 4 por ciento y eso alegra a quienes tienen que cargar, pero del otro lado de la manguera del surtidor, en la Federaci\u00f3n de Entidades de Combustible de la Provincia piensan que as\u00ed se agudiza un atraso de precio que ronda el 16 por ciento.<\/p>\n\n\n\n<p>La medida del Gobierno Nacional se dio en el marco de una fuerte retracci\u00f3n de las ventas, que ya lleva 15 meses.<\/p>\n\n\n\n<p>Con esta disposici\u00f3n -seg\u00fan se indic\u00f3- se busca sostener la estabilidad de precios en un contexto de desaceleraci\u00f3n inflacionaria y adecuar la pol\u00edtica comercial a la evoluci\u00f3n de variables econ\u00f3micas locales e internacionales.<\/p>\n\n\n\n<p>As\u00ed, por segunda vez en el \u00faltimo a\u00f1o, YPF baj\u00f3 el valor del combustible, producto de la ca\u00edda del precio internacional del crudo Brent y a factores como la cotizaci\u00f3n del tipo de cambio, la carga impositiva vigente y el precio de los biocombustibles, de acuerdo a lo que se detall\u00f3 desde la petrolera nacional.<\/p>\n\n\n\n<p>Por su parte, el Gobierno Nacional posterg\u00f3 la actualizaci\u00f3n prevista de los impuestos a los combustibles l\u00edquidos (ICL) y al di\u00f3xido de carbono (IDC).<\/p>\n\n\n\n<p>Juan Carlos Bas\u00edlico, presidente de la Federaci\u00f3n de Entidades de Combustible de la Provincia de Buenos Aires, le dijo a este diario que la rebaja deriva de una nueva postergaci\u00f3n de la suba impositiva mensual que se viene aplicando tras un parate aplicado en el gobierno anterior.<\/p>\n\n\n\n<p><\/p>\n","protected":false},"excerpt":{"rendered":"<p>En la c\u00e1mara del sector consideran que el precio actual indica un atraso en la actualizaci\u00f3n impositiva que se propuso el Gobierno. En la Ciudad, sigue cayendo la venta. En abril se estima que estuvo entre el 2 y el 3% abajo La \u201cprimaverita\u201d de la nafta: tras bajar el precio, para los estacioneros podr\u00eda [&hellip;]<\/p>\n","protected":false},"author":2,"featured_media":1245,"comment_status":"open","ping_status":"open","sticky":false,"template":"","format":"standard","meta":{"_uag_custom_page_level_css":"","footnotes":""},"categories":[1],"tags":[],"class_list":["post-1244","post","type-post","status-publish","format-standard","has-post-thumbnail","hentry","category-sin-categoria"],"uagb_featured_image_src":{"full":["https:\/\/fec.com.ar\/2022\/wp-content\/uploads\/2025\/05\/1746161826542.jpg",1024,576,false],"thumbnail":["https:\/\/fec.com.ar\/2022\/wp-content\/uploads\/2025\/05\/1746161826542-150x150.jpg",150,150,true],"medium":["https:\/\/fec.com.ar\/2022\/wp-content\/uploads\/2025\/05\/1746161826542-300x169.jpg",300,169,true],"medium_large":["https:\/\/fec.com.ar\/2022\/wp-content\/uploads\/2025\/05\/1746161826542-768x432.jpg",640,360,true],"large":["https:\/\/fec.com.ar\/2022\/wp-content\/uploads\/2025\/05\/1746161826542.jpg",640,360,false],"1536x1536":["https:\/\/fec.com.ar\/2022\/wp-content\/uploads\/2025\/05\/1746161826542.jpg",1024,576,false],"2048x2048":["https:\/\/fec.com.ar\/2022\/wp-content\/uploads\/2025\/05\/1746161826542.jpg",1024,576,false]},"uagb_author_info":{"display_name":false,"author_link":"https:\/\/fec.com.ar\/2022\/author\/c2151867\/"},"uagb_comment_info":0,"uagb_excerpt":"En la c\u00e1mara del sector consideran que el precio actual indica un atraso en la actualizaci\u00f3n impositiva que se propuso el Gobierno. En la Ciudad, sigue cayendo la venta. En abril se estima que estuvo entre el 2 y el 3% abajo La \u201cprimaverita\u201d de la nafta: tras bajar el precio, para los estacioneros podr\u00eda&hellip;","_links":{"self":[{"href":"https:\/\/fec.com.ar\/2022\/wp-json\/wp\/v2\/posts\/1244","targetHints":{"allow":["GET"]}}],"collection":[{"href":"https:\/\/fec.com.ar\/2022\/wp-json\/wp\/v2\/posts"}],"about":[{"href":"https:\/\/fec.com.ar\/2022\/wp-json\/wp\/v2\/types\/post"}],"author":[{"embeddable":true,"href":"https:\/\/fec.com.ar\/2022\/wp-json\/wp\/v2\/users\/2"}],"replies":[{"embeddable":true,"href":"https:\/\/fec.com.ar\/2022\/wp-json\/wp\/v2\/comments?post=1244"}],"version-history":[{"count":1,"href":"https:\/\/fec.com.ar\/2022\/wp-json\/wp\/v2\/posts\/1244\/revisions"}],"predecessor-version":[{"id":1246,"href":"https:\/\/fec.com.ar\/2022\/wp-json\/wp\/v2\/posts\/1244\/revisions\/1246"}],"wp:featuredmedia":[{"embeddable":true,"href":"https:\/\/fec.com.ar\/2022\/wp-json\/wp\/v2\/media\/1245"}],"wp:attachment":[{"href":"https:\/\/fec.com.ar\/2022\/wp-json\/wp\/v2\/media?parent=1244"}],"wp:term":[{"taxonomy":"category","embeddable":true,"href":"https:\/\/fec.com.ar\/2022\/wp-json\/wp\/v2\/categories?post=1244"},{"taxonomy":"post_tag","embeddable":true,"href":"https:\/\/fec.com.ar\/2022\/wp-json\/wp\/v2\/tags?post=1244"}],"curies":[{"name":"wp","href":"https:\/\/api.w.org\/{rel}","templated":true}]}}