{"id":1262,"date":"2025-07-02T17:48:43","date_gmt":"2025-07-02T17:48:43","guid":{"rendered":"https:\/\/fec.com.ar\/2022\/?p=1262"},"modified":"2025-07-02T18:30:36","modified_gmt":"2025-07-02T18:30:36","slug":"estacioneros-preparan-acciones-legales-por-los-cortes-de-gas-que-paralizan-la-venta-de-gnc","status":"publish","type":"post","link":"https:\/\/fec.com.ar\/2022\/estacioneros-preparan-acciones-legales-por-los-cortes-de-gas-que-paralizan-la-venta-de-gnc\/","title":{"rendered":"ESTACIONEROS PREPARAN ACCIONES LEGALES POR LOS CORTES DE GAS QUE PARALIZAN LA VENTA DE GNC"},"content":{"rendered":"\n<p>Ante el corte y suspensi\u00f3n del suministro de gas natural, referentes del sector eval\u00faan demandas por incumplimiento contractual. Temen que se repita una crisis prolongada como la del a\u00f1o pasado.<\/p>\n\n\n\n<p><img decoding=\"async\" src=\"https:\/\/surtidores.com.ar\/wp-content\/uploads\/2025\/07\/Sin-titulo-3.jpg\" alt=\"Estacioneros preparan acciones legales por los cortes de gas que paralizan la venta de GNC\"><\/p>\n\n\n\n<p>Pese a no despachar, las estaciones contin\u00faan con todos sus costos operativos activos<img decoding=\"async\" src=\"https:\/\/surtidores.com.ar\/wp-content\/themes\/surtidores-2025\/assets\/icons\/compartir.svg\" alt=\"Compartir Icono\">COMPARTIR<\/p>\n\n\n\n<p>Por Redacci\u00f3n Surtidores<\/p>\n\n\n\n<p>Los problemas de abastecimiento de producto a las estaciones de GNC en diferentes provincias argentinas generaron una fuerte reacci\u00f3n en el sector estacionero, que&nbsp;<strong>denunci\u00f3 un da\u00f1o econ\u00f3mico grave y creciente<\/strong>. La medida, ordenada por diferentes distribuidoras&nbsp;<strong>afecta incluso a las bocas de expendio con contratos de transporte firme<\/strong>&nbsp;que deben sostener los establecimientos abiertos a pesar de no poder despachar, lo que encendi\u00f3 las alarmas entre empresarios y entidades gremiales.<\/p>\n\n\n\n<p>Desde la Federaci\u00f3n de Entidades de Combustibles, su presidente&nbsp;<strong>Juan Carlos Bas\u00edlco,<\/strong>&nbsp;dijo a&nbsp;<strong>surtidores.com.ar<\/strong>&nbsp;que ya se trabaja en la&nbsp;<strong>elaboraci\u00f3n de acciones legales y reclamos administrativos contra las distribuidoras, y no se descarta avanzar judicialmente por incumplimiento contractual y lucro cesante<\/strong>. Advirti\u00f3 que&nbsp;<strong>el impacto de este corte no es menor: deja a las estaciones sin ingresos pero con todos sus costos operativos activos<\/strong>, desde salarios hasta servicios e impuestos.<\/p>\n\n\n\n<figure class=\"wp-block-image\"><img decoding=\"async\" src=\"https:\/\/surtidores.com.ar\/wp-content\/uploads\/2025\/07\/Restringen-el-expendio-de-GNC-en-Salta-y-crece-la-preocupacion-entre-los-estacioneros.jpg\" alt=\"\"\/><\/figure>\n\n\n\n<p><em>Pese a no despachar, las estaciones contin\u00faan con todos sus costos operativos activos<\/em><br><\/p>\n\n\n\n<p>La comunicaci\u00f3n de las distribuidoras fue enviada por correo electr\u00f3nico, sin precisar plazos de restablecimiento del servicio. Seg\u00fan dijo a este medio la Presidenta de la C\u00e1mara de Expendedores de La Pampa, la decisi\u00f3n responde al aumento extremo de la demanda residencial, agravado por las condiciones clim\u00e1ticas y fallas en instalaciones clave. En paralelo, se prioriz\u00f3 el abastecimiento a hogares, hospitales y escuelas, desplazando completamente a las estaciones.<\/p>\n\n\n\n<p><strong>Aunque muchos operadores poseen contratos firmes, la realidad demostr\u00f3 que esa figura tambi\u00e9n tiene limitaciones<\/strong>. \u201c<em>Cada estacionero contrata un volumen anual determinado, y al superar ese cupo, pierde el derecho a seguir recibiendo gas, incluso con contrato firme. Por eso, muchas bocas debieron cortar el servicio al llegar al tope de su capacidad pactada<\/em>\u201d, explic\u00f3 el Vicepresidente de la C\u00e1mara de Expendedores de GNC,&nbsp;<strong>Oscar Olivero<\/strong>.<\/p>\n\n\n\n<p>Detall\u00f3 adem\u00e1s que el gas est\u00e1 llegando con menor presi\u00f3n, lo que agrava a\u00fan m\u00e1s el panorama. T\u00e9cnicamente, el sistema no puede sostener una operaci\u00f3n normal cuando la infraestructura responde con limitaciones f\u00edsicas adem\u00e1s de comerciales. Esto vuelve m\u00e1s compleja cualquier planificaci\u00f3n para las estaciones, que ya operan con m\u00e1rgenes muy ajustados.<\/p>\n\n\n\n<p>En regiones como La Pampa,&nbsp;<strong>el temor a una repetici\u00f3n del colapso de 2024 es concreto<\/strong>. En aquella oportunidad, m\u00e1s de 15 d\u00edas de corte total obligaron al cierre provisorio de decenas de estaciones, con consecuencias econ\u00f3micas que a\u00fan no fueron totalmente revertidas.<\/p>\n\n\n\n<figure class=\"wp-block-image\"><img decoding=\"async\" src=\"https:\/\/surtidores.com.ar\/wp-content\/uploads\/2025\/06\/Con-la-llegada-del-frio-se-activaron-los-limites-en-el-expendio-de-GNC-interrumpible.jpg\" alt=\"\"\/><\/figure>\n\n\n\n<p><\/p>\n\n\n\n<p><em>\u201cLas estaciones afectadas insisten en que su actividad es tambi\u00e9n esencial para el funcionamiento del transporte urbano y productivo. Miles de veh\u00edculos a GNC \u2014como taxis, remises y fletes\u2014 dependen de su operatividad para trabajar a diario. El freno en el suministro impacta de forma directa sobre la econom\u00eda regional y sobre el empleo formal del sector<\/em>\u201d, recalc\u00f3 Bas\u00edlico.<\/p>\n\n\n\n<p>Frente a este escenario, la FEC es quien analiza estrategias legales colectivas. El reclamo apunta a que se reconozca el perjuicio econ\u00f3mico sufrido y se revise el actual sistema de contratos y prioridades, en un contexto donde la previsibilidad resulta fundamental para la supervivencia del negocio.<\/p>\n","protected":false},"excerpt":{"rendered":"<p>Ante el corte y suspensi\u00f3n del suministro de gas natural, referentes del sector eval\u00faan demandas por incumplimiento contractual. Temen que se repita una crisis prolongada como la del a\u00f1o pasado. Pese a no despachar, las estaciones contin\u00faan con todos sus costos operativos activosCOMPARTIR Por Redacci\u00f3n Surtidores Los problemas de abastecimiento de producto a las estaciones [&hellip;]<\/p>\n","protected":false},"author":2,"featured_media":1269,"comment_status":"open","ping_status":"open","sticky":false,"template":"","format":"standard","meta":{"_uag_custom_page_level_css":"","footnotes":""},"categories":[1],"tags":[],"class_list":["post-1262","post","type-post","status-publish","format-standard","has-post-thumbnail","hentry","category-sin-categoria"],"uagb_featured_image_src":{"full":["https:\/\/fec.com.ar\/2022\/wp-content\/uploads\/2025\/07\/Sin-titulo-3.jpg",850,507,false],"thumbnail":["https:\/\/fec.com.ar\/2022\/wp-content\/uploads\/2025\/07\/Sin-titulo-3-150x150.jpg",150,150,true],"medium":["https:\/\/fec.com.ar\/2022\/wp-content\/uploads\/2025\/07\/Sin-titulo-3-300x179.jpg",300,179,true],"medium_large":["https:\/\/fec.com.ar\/2022\/wp-content\/uploads\/2025\/07\/Sin-titulo-3-768x458.jpg",640,382,true],"large":["https:\/\/fec.com.ar\/2022\/wp-content\/uploads\/2025\/07\/Sin-titulo-3.jpg",640,382,false],"1536x1536":["https:\/\/fec.com.ar\/2022\/wp-content\/uploads\/2025\/07\/Sin-titulo-3.jpg",850,507,false],"2048x2048":["https:\/\/fec.com.ar\/2022\/wp-content\/uploads\/2025\/07\/Sin-titulo-3.jpg",850,507,false]},"uagb_author_info":{"display_name":false,"author_link":"https:\/\/fec.com.ar\/2022\/author\/c2151867\/"},"uagb_comment_info":0,"uagb_excerpt":"Ante el corte y suspensi\u00f3n del suministro de gas natural, referentes del sector eval\u00faan demandas por incumplimiento contractual. Temen que se repita una crisis prolongada como la del a\u00f1o pasado. Pese a no despachar, las estaciones contin\u00faan con todos sus costos operativos activosCOMPARTIR Por Redacci\u00f3n Surtidores Los problemas de abastecimiento de producto a las estaciones&hellip;","_links":{"self":[{"href":"https:\/\/fec.com.ar\/2022\/wp-json\/wp\/v2\/posts\/1262","targetHints":{"allow":["GET"]}}],"collection":[{"href":"https:\/\/fec.com.ar\/2022\/wp-json\/wp\/v2\/posts"}],"about":[{"href":"https:\/\/fec.com.ar\/2022\/wp-json\/wp\/v2\/types\/post"}],"author":[{"embeddable":true,"href":"https:\/\/fec.com.ar\/2022\/wp-json\/wp\/v2\/users\/2"}],"replies":[{"embeddable":true,"href":"https:\/\/fec.com.ar\/2022\/wp-json\/wp\/v2\/comments?post=1262"}],"version-history":[{"count":1,"href":"https:\/\/fec.com.ar\/2022\/wp-json\/wp\/v2\/posts\/1262\/revisions"}],"predecessor-version":[{"id":1263,"href":"https:\/\/fec.com.ar\/2022\/wp-json\/wp\/v2\/posts\/1262\/revisions\/1263"}],"wp:featuredmedia":[{"embeddable":true,"href":"https:\/\/fec.com.ar\/2022\/wp-json\/wp\/v2\/media\/1269"}],"wp:attachment":[{"href":"https:\/\/fec.com.ar\/2022\/wp-json\/wp\/v2\/media?parent=1262"}],"wp:term":[{"taxonomy":"category","embeddable":true,"href":"https:\/\/fec.com.ar\/2022\/wp-json\/wp\/v2\/categories?post=1262"},{"taxonomy":"post_tag","embeddable":true,"href":"https:\/\/fec.com.ar\/2022\/wp-json\/wp\/v2\/tags?post=1262"}],"curies":[{"name":"wp","href":"https:\/\/api.w.org\/{rel}","templated":true}]}}