{"id":1264,"date":"2025-07-02T17:59:41","date_gmt":"2025-07-02T17:59:41","guid":{"rendered":"https:\/\/fec.com.ar\/2022\/?p=1264"},"modified":"2025-07-02T18:04:00","modified_gmt":"2025-07-02T18:04:00","slug":"pese-a-no-despachar-las-estaciones-continuan-con-todos-sus-costos-operativos-activos","status":"publish","type":"post","link":"https:\/\/fec.com.ar\/2022\/pese-a-no-despachar-las-estaciones-continuan-con-todos-sus-costos-operativos-activos\/","title":{"rendered":"PESE A NO DESPACHAR, LAS ESTACIONES CONTIN\u00daAN CON TODOS SUS COSTOS OPERATIVOS ACTIVOS"},"content":{"rendered":"\n<p>AUDIO.- El titular de la Federaci\u00f3n de Entidades del Combustible de la provincia de Buenos Aires, Juan Carlos Bas\u00edlico, se refiri\u00f3 al expendio limitado que se brinda desde ayer en el territorio bonaerense, por las complicacions generadas por la ola de frio.<\/p>\n\n\n\n<p>1 de Julio de 2025 | 11:10<\/p>\n\n\n\n<p>Falta de GNC en La Plata: \u00abEl servicio se normalizar\u00eda este jueves\u00bb<br>El servicio de GNC se ve resentido desde ayer, tanto en estaciones de La Plata como en el interior provincial.<\/p>\n\n\n\n<p>Por las complicaciones generadas por la ola de fr\u00edo, numerosas bocas de expendio permanecen cerradas ante la orden de interrumpir el servicio de Gas Natural Comprimido para priorizar el abastecimiento residencial.<\/p>\n\n\n\n<p>El titular de la Federaci\u00f3n de Entidades del Combustible de la provincia de Buenos Aires, Juan Carlos Bas\u00edlico, se\u00f1al\u00f3 que \u00abcuando ayer nos enteramos que iban a empezar a costar el gas a las estaciones de servicio, comenzamos a averiguar qu\u00e9 estaba paando en el interior de la Provincia. Y confirmamos que lo cortaron en Bahia Blanca, Mar del Plata, Olavarr\u00eda, Jun\u00edn y Arrecifes, entre otras ciudades. Lo que pasa es que hay estaciones con servicio interrumpible o ininterrumpible. Los que tienen esta \u00faltima opci\u00f3n son los que pagan el gas m\u00e1s caro. Las empresas m\u00e1s grandes, como Camuzzi o Enargas, ya hab\u00edan anticipado que este a\u00f1o \u00edbamos a tener este problema\u00bb.<\/p>\n\n\n\n<p>En declaraciones que formul\u00f3 esta ma\u00f1ana en \u00abInteligencia Artesanal\u00bb, por La Redonda 100.3, el dirigente manifest\u00f3 que \u00ablos usuarios dir\u00e1n que llega el primer fr\u00edo y ya cortan el gas, pero primero est\u00e1n los hospitales, la gente, las lineas de micros. De todos modos, en la ordenanza que sacaron al respecto, no se dieron cuenta que no solamente la gente com\u00fan usa su auto a gas. Tambi\u00e9n lo hacen las empresas de camiones que llevan mercader\u00eda al interior\u00bb.<\/p>\n\n\n\n<p>Al ser consultado sobre cu\u00e1ndo podr\u00eda reestablecerse el normal expendio de GNC, Bas\u00edlico indic\u00f3 que \u00abparecer\u00eda que el servicio se normalizar\u00eda este jueves, pero eso no depende de los estacioneros\u00bb.<\/p>\n\n\n\n<p>La entrevista completa, en el audio adjunto:<\/p>\n\n\n\n<p><a href=\"https:\/\/www.fmlaredonda.com.ar\/nota\/2025-7-1-11-10-0-falta-de-gnc-en-la-plata-el-servicio-se-normalizaria-este-jueves--fm-la-redonda\">https:\/\/www.fmlaredonda.com.ar\/nota\/2025-7-1-11-10-0-falta-de-gnc-en-la-plata-el-servicio-se-normalizaria-este-jueves&#8211;fm-la-redonda<\/a><\/p>\n\n\n\n<p><\/p>\n","protected":false},"excerpt":{"rendered":"<p>AUDIO.- El titular de la Federaci\u00f3n de Entidades del Combustible de la provincia de Buenos Aires, Juan Carlos Bas\u00edlico, se refiri\u00f3 al expendio limitado que se brinda desde ayer en el territorio bonaerense, por las complicacions generadas por la ola de frio. 1 de Julio de 2025 | 11:10 Falta de GNC en La Plata: [&hellip;]<\/p>\n","protected":false},"author":2,"featured_media":1265,"comment_status":"open","ping_status":"open","sticky":false,"template":"","format":"standard","meta":{"_uag_custom_page_level_css":"","footnotes":""},"categories":[1],"tags":[],"class_list":["post-1264","post","type-post","status-publish","format-standard","has-post-thumbnail","hentry","category-sin-categoria"],"uagb_featured_image_src":{"full":["https:\/\/fec.com.ar\/2022\/wp-content\/uploads\/2025\/07\/1751379377584.jpg",672,420,false],"thumbnail":["https:\/\/fec.com.ar\/2022\/wp-content\/uploads\/2025\/07\/1751379377584-150x150.jpg",150,150,true],"medium":["https:\/\/fec.com.ar\/2022\/wp-content\/uploads\/2025\/07\/1751379377584-300x188.jpg",300,188,true],"medium_large":["https:\/\/fec.com.ar\/2022\/wp-content\/uploads\/2025\/07\/1751379377584.jpg",640,400,false],"large":["https:\/\/fec.com.ar\/2022\/wp-content\/uploads\/2025\/07\/1751379377584.jpg",640,400,false],"1536x1536":["https:\/\/fec.com.ar\/2022\/wp-content\/uploads\/2025\/07\/1751379377584.jpg",672,420,false],"2048x2048":["https:\/\/fec.com.ar\/2022\/wp-content\/uploads\/2025\/07\/1751379377584.jpg",672,420,false]},"uagb_author_info":{"display_name":false,"author_link":"https:\/\/fec.com.ar\/2022\/author\/c2151867\/"},"uagb_comment_info":0,"uagb_excerpt":"AUDIO.- El titular de la Federaci\u00f3n de Entidades del Combustible de la provincia de Buenos Aires, Juan Carlos Bas\u00edlico, se refiri\u00f3 al expendio limitado que se brinda desde ayer en el territorio bonaerense, por las complicacions generadas por la ola de frio. 1 de Julio de 2025 | 11:10 Falta de GNC en La Plata:&hellip;","_links":{"self":[{"href":"https:\/\/fec.com.ar\/2022\/wp-json\/wp\/v2\/posts\/1264","targetHints":{"allow":["GET"]}}],"collection":[{"href":"https:\/\/fec.com.ar\/2022\/wp-json\/wp\/v2\/posts"}],"about":[{"href":"https:\/\/fec.com.ar\/2022\/wp-json\/wp\/v2\/types\/post"}],"author":[{"embeddable":true,"href":"https:\/\/fec.com.ar\/2022\/wp-json\/wp\/v2\/users\/2"}],"replies":[{"embeddable":true,"href":"https:\/\/fec.com.ar\/2022\/wp-json\/wp\/v2\/comments?post=1264"}],"version-history":[{"count":2,"href":"https:\/\/fec.com.ar\/2022\/wp-json\/wp\/v2\/posts\/1264\/revisions"}],"predecessor-version":[{"id":1268,"href":"https:\/\/fec.com.ar\/2022\/wp-json\/wp\/v2\/posts\/1264\/revisions\/1268"}],"wp:featuredmedia":[{"embeddable":true,"href":"https:\/\/fec.com.ar\/2022\/wp-json\/wp\/v2\/media\/1265"}],"wp:attachment":[{"href":"https:\/\/fec.com.ar\/2022\/wp-json\/wp\/v2\/media?parent=1264"}],"wp:term":[{"taxonomy":"category","embeddable":true,"href":"https:\/\/fec.com.ar\/2022\/wp-json\/wp\/v2\/categories?post=1264"},{"taxonomy":"post_tag","embeddable":true,"href":"https:\/\/fec.com.ar\/2022\/wp-json\/wp\/v2\/tags?post=1264"}],"curies":[{"name":"wp","href":"https:\/\/api.w.org\/{rel}","templated":true}]}}