{"id":1271,"date":"2025-07-16T15:15:08","date_gmt":"2025-07-16T15:15:08","guid":{"rendered":"https:\/\/fec.com.ar\/2022\/?p=1271"},"modified":"2025-07-16T15:15:10","modified_gmt":"2025-07-16T15:15:10","slug":"estaciones-de-servicio-en-alerta-por-nuevos-intentos-de-trasladar-responsabilidades-del-estado-al-ambito-privado","status":"publish","type":"post","link":"https:\/\/fec.com.ar\/2022\/estaciones-de-servicio-en-alerta-por-nuevos-intentos-de-trasladar-responsabilidades-del-estado-al-ambito-privado\/","title":{"rendered":"ESTACIONES DE SERVICIO EN ALERTA POR NUEVOS INTENTOS DE TRASLADAR RESPONSABILIDADES DEL ESTADO AL \u00c1MBITO PRIVADO"},"content":{"rendered":"\n<p>Una iniciativa presentada en el Concejo Deliberante de General Pueyrred\u00f3n propone prohibir la carga de combustible a veh\u00edculos que no exhiban su chapa patente. Aunque de alcance local, el proyecto reaviva una pol\u00e9mica ya conocida en el sector: la creciente tendencia del Estado a trasladar funciones de control y fiscalizaci\u00f3n a actores privados, en este caso, a los trabajadores de playa de las Estaciones de Servicio.<\/p>\n\n\n\n<p>El sector expendedor reaccion\u00f3 nuevamente aduciendo que se trata de una reiterativa actitud pol\u00edtica de convertir al expendedor de combustible en una suerte de agente de tr\u00e1nsito o auxiliar policial, sin respaldo legal, formaci\u00f3n espec\u00edfica ni herramientas para intervenir en situaciones que, por naturaleza, deben ser abordadas por fuerzas estatales. Proyectos similares fueron presentados en el pasado, como los que prohib\u00edan cargar combustible a motociclistas que no usaran casco o a conductores sin verificaci\u00f3n t\u00e9cnica vehicular.<\/p>\n\n\n\n<p><br>\u201cSiempre se repite el mismo patr\u00f3n: como el Estado no logra ejercer su rol de control, traslada esa tarea a sectores privados. Lo hemos visto una y otra vez, y esta iniciativa no es la excepci\u00f3n\u201c, advirtieron los estacioneros sondeados.<\/p>\n\n\n\n<p>Quien tom\u00f3 la palabra de manera p\u00fablica fue el presidente de la Federaci\u00f3n de Entidades de Combustibles, Juan Carlos Bas\u00edlico, quien en di\u00e1logo con surtidores.com.ar expres\u00f3 su preocupaci\u00f3n y anticip\u00f3 que, dado que la entidad cuenta con una sede en Mar del Plata, ya se elabora una nota formal que ser\u00e1 remitida al Concejo Deliberante para plantear los riesgos y limitaciones de la propuesta.<\/p>\n\n\n\n<p>\u201cEl esp\u00edritu de colaborar con la seguridad ciudadana est\u00e1 presente en todas las Estaciones de Servicio, pero eso no puede traducirse en asumir un rol que le corresponde a la polic\u00eda o a las \u00e1reas de tr\u00e1nsito. No se puede pedir a un empleado que controle lo que el Estado no logra controlar\u201d, manifest\u00f3 el dirigente bonaerense.<\/p>\n\n\n\n<p>Desde su experiencia, el expendedor remarc\u00f3 que este tipo de normativas exponen al personal de playa a situaciones riesgosas, sobre todo en horarios nocturnos y turnos reducidos. \u201cUna cosa es cooperar con campa\u00f1as de concientizaci\u00f3n, y otra muy distinta es quedar frente a un conductor fuera de regla sin ninguna herramienta legal ni protecci\u00f3n institucional. Ah\u00ed se rompe el equilibrio\u201d, explic\u00f3.<\/p>\n\n\n\n<p>Adem\u00e1s, advirti\u00f3 que lejos de lograr el objetivo deseado, medidas de este tipo pueden generar efectos indeseados. \u201cVa a proliferar la venta informal en bidones, con excusas imposibles de verificar. No se resuelve el problema, solo se lo camufla. Ya ocurri\u00f3 antes y va a volver a pasar\u201d, se\u00f1al\u00f3.<\/p>\n\n\n\n<p><br>Para el dirigente, lo que subyace es un patr\u00f3n repetido: el Estado no logra ejercer eficazmente su poder de polic\u00eda y busca delegarlo en sectores privados. \u201cCon la tasa vial nos hacen sostener el mantenimiento de calles que no arreglan, con resoluciones nos quieren hacer controlar si alguien usa casco, si tiene VTV, y ahora si tiene patente. No corresponde. El control y la sanci\u00f3n deben ser funci\u00f3n del Estado, no del que vende combustible\u201d, sentenci\u00f3.<\/p>\n\n\n\n<p>Desde la sede local de la FEC confirmaron que la nota de advertencia ya est\u00e1 en elaboraci\u00f3n y ser\u00e1 presentada formalmente en los pr\u00f3ximos d\u00edas. El documento institucional expondr\u00e1 con claridad los l\u00edmites que existen entre la colaboraci\u00f3n y la delegaci\u00f3n de funciones, y reclamar\u00e1 que no se avance en decisiones que recargan injustamente al eslab\u00f3n m\u00e1s vulnerable de la cadena: el trabajador de playa.<\/p>\n\n\n\n<p>\u201cEstamos siempre dispuestos al di\u00e1logo y al trabajo conjunto con las autoridades. Pero hay funciones que no pueden ser tercerizadas. La seguridad p\u00fablica debe estar en manos del Estado, de quienes tienen la formaci\u00f3n, las herramientas y el poder legal para ejercerla. No podemos pretender que lo haga alguien que simplemente est\u00e1 cumpliendo su labor en una Estaci\u00f3n de Servicio\u201d, concluy\u00f3 el empresario.<\/p>\n","protected":false},"excerpt":{"rendered":"<p>Una iniciativa presentada en el Concejo Deliberante de General Pueyrred\u00f3n propone prohibir la carga de combustible a veh\u00edculos que no exhiban su chapa patente. Aunque de alcance local, el proyecto reaviva una pol\u00e9mica ya conocida en el sector: la creciente tendencia del Estado a trasladar funciones de control y fiscalizaci\u00f3n a actores privados, en este [&hellip;]<\/p>\n","protected":false},"author":2,"featured_media":1272,"comment_status":"open","ping_status":"open","sticky":false,"template":"","format":"standard","meta":{"_uag_custom_page_level_css":"","footnotes":""},"categories":[1],"tags":[],"class_list":["post-1271","post","type-post","status-publish","format-standard","has-post-thumbnail","hentry","category-sin-categoria"],"uagb_featured_image_src":{"full":["https:\/\/fec.com.ar\/2022\/wp-content\/uploads\/2025\/07\/Estaciones-de-Servicio-en-alerta-por-nuevos-intentos-de-trasladar-responsabilidades-del-Estado-al-ambito-privado.jpg",850,477,false],"thumbnail":["https:\/\/fec.com.ar\/2022\/wp-content\/uploads\/2025\/07\/Estaciones-de-Servicio-en-alerta-por-nuevos-intentos-de-trasladar-responsabilidades-del-Estado-al-ambito-privado-150x150.jpg",150,150,true],"medium":["https:\/\/fec.com.ar\/2022\/wp-content\/uploads\/2025\/07\/Estaciones-de-Servicio-en-alerta-por-nuevos-intentos-de-trasladar-responsabilidades-del-Estado-al-ambito-privado-300x168.jpg",300,168,true],"medium_large":["https:\/\/fec.com.ar\/2022\/wp-content\/uploads\/2025\/07\/Estaciones-de-Servicio-en-alerta-por-nuevos-intentos-de-trasladar-responsabilidades-del-Estado-al-ambito-privado-768x431.jpg",640,359,true],"large":["https:\/\/fec.com.ar\/2022\/wp-content\/uploads\/2025\/07\/Estaciones-de-Servicio-en-alerta-por-nuevos-intentos-de-trasladar-responsabilidades-del-Estado-al-ambito-privado.jpg",640,359,false],"1536x1536":["https:\/\/fec.com.ar\/2022\/wp-content\/uploads\/2025\/07\/Estaciones-de-Servicio-en-alerta-por-nuevos-intentos-de-trasladar-responsabilidades-del-Estado-al-ambito-privado.jpg",850,477,false],"2048x2048":["https:\/\/fec.com.ar\/2022\/wp-content\/uploads\/2025\/07\/Estaciones-de-Servicio-en-alerta-por-nuevos-intentos-de-trasladar-responsabilidades-del-Estado-al-ambito-privado.jpg",850,477,false]},"uagb_author_info":{"display_name":false,"author_link":"https:\/\/fec.com.ar\/2022\/author\/c2151867\/"},"uagb_comment_info":0,"uagb_excerpt":"Una iniciativa presentada en el Concejo Deliberante de General Pueyrred\u00f3n propone prohibir la carga de combustible a veh\u00edculos que no exhiban su chapa patente. Aunque de alcance local, el proyecto reaviva una pol\u00e9mica ya conocida en el sector: la creciente tendencia del Estado a trasladar funciones de control y fiscalizaci\u00f3n a actores privados, en este&hellip;","_links":{"self":[{"href":"https:\/\/fec.com.ar\/2022\/wp-json\/wp\/v2\/posts\/1271","targetHints":{"allow":["GET"]}}],"collection":[{"href":"https:\/\/fec.com.ar\/2022\/wp-json\/wp\/v2\/posts"}],"about":[{"href":"https:\/\/fec.com.ar\/2022\/wp-json\/wp\/v2\/types\/post"}],"author":[{"embeddable":true,"href":"https:\/\/fec.com.ar\/2022\/wp-json\/wp\/v2\/users\/2"}],"replies":[{"embeddable":true,"href":"https:\/\/fec.com.ar\/2022\/wp-json\/wp\/v2\/comments?post=1271"}],"version-history":[{"count":1,"href":"https:\/\/fec.com.ar\/2022\/wp-json\/wp\/v2\/posts\/1271\/revisions"}],"predecessor-version":[{"id":1273,"href":"https:\/\/fec.com.ar\/2022\/wp-json\/wp\/v2\/posts\/1271\/revisions\/1273"}],"wp:featuredmedia":[{"embeddable":true,"href":"https:\/\/fec.com.ar\/2022\/wp-json\/wp\/v2\/media\/1272"}],"wp:attachment":[{"href":"https:\/\/fec.com.ar\/2022\/wp-json\/wp\/v2\/media?parent=1271"}],"wp:term":[{"taxonomy":"category","embeddable":true,"href":"https:\/\/fec.com.ar\/2022\/wp-json\/wp\/v2\/categories?post=1271"},{"taxonomy":"post_tag","embeddable":true,"href":"https:\/\/fec.com.ar\/2022\/wp-json\/wp\/v2\/tags?post=1271"}],"curies":[{"name":"wp","href":"https:\/\/api.w.org\/{rel}","templated":true}]}}