{"id":1274,"date":"2025-07-17T16:54:11","date_gmt":"2025-07-17T16:54:11","guid":{"rendered":"https:\/\/fec.com.ar\/2022\/?p=1274"},"modified":"2025-07-17T16:54:12","modified_gmt":"2025-07-17T16:54:12","slug":"empleados-de-estaciones-de-servicio-denuncian-convenios-colectivos-y-reclaman-mejores-condiciones-laborales","status":"publish","type":"post","link":"https:\/\/fec.com.ar\/2022\/empleados-de-estaciones-de-servicio-denuncian-convenios-colectivos-y-reclaman-mejores-condiciones-laborales\/","title":{"rendered":"EMPLEADOS DE ESTACIONES DE SERVICIO DENUNCIAN CONVENIOS COLECTIVOS Y RECLAMAN MEJORES CONDICIONES LABORALES"},"content":{"rendered":"\n<p>Formalizaron el reclamo ante el Ministerio de Capital Humano. El gremio exige el reconocimiento pleno de derechos para los trabajadores.<\/p>\n\n\n\n<p>Empleados de Estaciones de Servicio denuncian Convenios Colectivos y reclaman mejores condiciones laborales<\/p>\n\n\n\n<p>El llamado del Ministerio apunta a facilitar un entendimiento entre las partes<br><br>Por Redacci\u00f3n Surtidores<\/p>\n\n\n\n<p>Con el respaldo de una extensa documentaci\u00f3n administrativa y judicial, las organizaciones gremiales que representan a los trabajadores de Estaciones de Servicio elevaron al Ministerio de Capital Humano de la Naci\u00f3n la denuncia formal de dos Convenios Colectivos de Trabajo. La presentaci\u00f3n fue realizada por Carlos Acu\u00f1a, en su doble car\u00e1cter de Secretario General SOESGYPE y FOESGRA.<\/p>\n\n\n\n<p>La denuncia se sustenta en la vigencia vencida y en la existencia de un marco convencional m\u00e1s favorable para los trabajadores, como es el CCT 488\/07, celebrado con la Federaci\u00f3n de Entidades de Combustibles y vigente a nivel nacional desde su homologaci\u00f3n en 2007 y su ampliaci\u00f3n territorial en 2019.<\/p>\n\n\n\n<p><br>De acuerdo con el escrito presentado ante la Direcci\u00f3n Nacional de Relaciones y Regulaci\u00f3n del Trabajo, los acuerdos vencidos se encuentran en una situaci\u00f3n de \u201cultraactividad\u201d \u2014es decir, prorrogados t\u00e1citamente\u2014 pese a que contiene cl\u00e1usulas que, seg\u00fan las organizaciones gremiales, perjudican a los trabajadores en relaci\u00f3n con los beneficios establecidos en el 488\/07.<\/p>\n\n\n\n<p>Uno de los puntos centrales del reclamo es la coexistencia de ambos convenios sobre un mismo universo de trabajadores. En ese solapamiento se da una situaci\u00f3n que las entidades sindicales consideran injusta: operarios que desempe\u00f1an las mismas funciones bajo marcos normativos distintos, con condiciones laborales desiguales.<\/p>\n\n\n\n<p>Entre las diferencias clave se destacan los adicionales por antig\u00fcedad y formaci\u00f3n, el reconocimiento del \u201cd\u00eda femenino\u201d y el pago de horas extra los fines de semana y feriados. Y, en el punto m\u00e1s conflictivo, se expuso que los empleadores que aplican dichos convenios interpretan su redacci\u00f3n para evitar pagar el recargo por horas trabajadas los s\u00e1bados despu\u00e9s de las 13, domingos y feriados.<\/p>\n\n\n\n<p>La entidad gremial asegura haber agotado todas las instancias de di\u00e1logo posibles para equiparar las condiciones laborales. A tal fin, presentaron sucesivas solicitudes ante el Ministerio para iniciar una renegociaci\u00f3n. Sin embargo, seg\u00fan detallaron, no tuvieron respuesta para iniciar dicho proceso.<\/p>\n\n\n\n<p><br>Asimismo el reclamo se funda en un antecedente de la C\u00e1mara Nacional de Apelaciones del Trabajo, Sala V, fall\u00f3 a favor de un trabajador afiliado a SOESGYPE, con base en la doctrina de la Corte Suprema en el caso \u201cASIMRA c\/ Volkswagen Argentina S.A.\u201d y el principio de norma m\u00e1s favorable.<\/p>\n\n\n\n<p>A la luz de estos antecedentes, Acu\u00f1a expres\u00f3 que no es posible continuar con las negociaciones ya que implica la convalidaci\u00f3n de normas que en los hechos perjudican a los empleados del sector. La denuncia, aclara, no pretende abrir una instancia probatoria ni profundizar el conflicto, sino formalizar el pedido de actualizaci\u00f3n y ajuste de condiciones laborales para equiparar los derechos de todos los trabajadores de Estaciones de Servicio, sin distinci\u00f3n geogr\u00e1fica o institucional. No obstante, sostuvo que en el caso de que eso no suceda, \u201clo que sigue debe ser la finalizaci\u00f3n de la ultraactividad\u201d.<\/p>\n","protected":false},"excerpt":{"rendered":"<p>Formalizaron el reclamo ante el Ministerio de Capital Humano. El gremio exige el reconocimiento pleno de derechos para los trabajadores. Empleados de Estaciones de Servicio denuncian Convenios Colectivos y reclaman mejores condiciones laborales El llamado del Ministerio apunta a facilitar un entendimiento entre las partes Por Redacci\u00f3n Surtidores Con el respaldo de una extensa documentaci\u00f3n [&hellip;]<\/p>\n","protected":false},"author":2,"featured_media":1275,"comment_status":"open","ping_status":"open","sticky":false,"template":"","format":"standard","meta":{"_uag_custom_page_level_css":"","footnotes":""},"categories":[1],"tags":[],"class_list":["post-1274","post","type-post","status-publish","format-standard","has-post-thumbnail","hentry","category-sin-categoria"],"uagb_featured_image_src":{"full":["https:\/\/fec.com.ar\/2022\/wp-content\/uploads\/2025\/07\/Empleados-de-Estaciones-de-Servicio-denuncian-Convenios-Colectivos-y-reclaman-mejores-condiciones-laborales-.jpg",850,484,false],"thumbnail":["https:\/\/fec.com.ar\/2022\/wp-content\/uploads\/2025\/07\/Empleados-de-Estaciones-de-Servicio-denuncian-Convenios-Colectivos-y-reclaman-mejores-condiciones-laborales--150x150.jpg",150,150,true],"medium":["https:\/\/fec.com.ar\/2022\/wp-content\/uploads\/2025\/07\/Empleados-de-Estaciones-de-Servicio-denuncian-Convenios-Colectivos-y-reclaman-mejores-condiciones-laborales--300x171.jpg",300,171,true],"medium_large":["https:\/\/fec.com.ar\/2022\/wp-content\/uploads\/2025\/07\/Empleados-de-Estaciones-de-Servicio-denuncian-Convenios-Colectivos-y-reclaman-mejores-condiciones-laborales--768x437.jpg",640,364,true],"large":["https:\/\/fec.com.ar\/2022\/wp-content\/uploads\/2025\/07\/Empleados-de-Estaciones-de-Servicio-denuncian-Convenios-Colectivos-y-reclaman-mejores-condiciones-laborales-.jpg",640,364,false],"1536x1536":["https:\/\/fec.com.ar\/2022\/wp-content\/uploads\/2025\/07\/Empleados-de-Estaciones-de-Servicio-denuncian-Convenios-Colectivos-y-reclaman-mejores-condiciones-laborales-.jpg",850,484,false],"2048x2048":["https:\/\/fec.com.ar\/2022\/wp-content\/uploads\/2025\/07\/Empleados-de-Estaciones-de-Servicio-denuncian-Convenios-Colectivos-y-reclaman-mejores-condiciones-laborales-.jpg",850,484,false]},"uagb_author_info":{"display_name":false,"author_link":"https:\/\/fec.com.ar\/2022\/author\/c2151867\/"},"uagb_comment_info":0,"uagb_excerpt":"Formalizaron el reclamo ante el Ministerio de Capital Humano. El gremio exige el reconocimiento pleno de derechos para los trabajadores. Empleados de Estaciones de Servicio denuncian Convenios Colectivos y reclaman mejores condiciones laborales El llamado del Ministerio apunta a facilitar un entendimiento entre las partes Por Redacci\u00f3n Surtidores Con el respaldo de una extensa documentaci\u00f3n&hellip;","_links":{"self":[{"href":"https:\/\/fec.com.ar\/2022\/wp-json\/wp\/v2\/posts\/1274","targetHints":{"allow":["GET"]}}],"collection":[{"href":"https:\/\/fec.com.ar\/2022\/wp-json\/wp\/v2\/posts"}],"about":[{"href":"https:\/\/fec.com.ar\/2022\/wp-json\/wp\/v2\/types\/post"}],"author":[{"embeddable":true,"href":"https:\/\/fec.com.ar\/2022\/wp-json\/wp\/v2\/users\/2"}],"replies":[{"embeddable":true,"href":"https:\/\/fec.com.ar\/2022\/wp-json\/wp\/v2\/comments?post=1274"}],"version-history":[{"count":1,"href":"https:\/\/fec.com.ar\/2022\/wp-json\/wp\/v2\/posts\/1274\/revisions"}],"predecessor-version":[{"id":1276,"href":"https:\/\/fec.com.ar\/2022\/wp-json\/wp\/v2\/posts\/1274\/revisions\/1276"}],"wp:featuredmedia":[{"embeddable":true,"href":"https:\/\/fec.com.ar\/2022\/wp-json\/wp\/v2\/media\/1275"}],"wp:attachment":[{"href":"https:\/\/fec.com.ar\/2022\/wp-json\/wp\/v2\/media?parent=1274"}],"wp:term":[{"taxonomy":"category","embeddable":true,"href":"https:\/\/fec.com.ar\/2022\/wp-json\/wp\/v2\/categories?post=1274"},{"taxonomy":"post_tag","embeddable":true,"href":"https:\/\/fec.com.ar\/2022\/wp-json\/wp\/v2\/tags?post=1274"}],"curies":[{"name":"wp","href":"https:\/\/api.w.org\/{rel}","templated":true}]}}