{"id":1389,"date":"2026-04-23T17:37:06","date_gmt":"2026-04-23T17:37:06","guid":{"rendered":"https:\/\/fec.com.ar\/2022\/?p=1389"},"modified":"2026-04-23T17:39:06","modified_gmt":"2026-04-23T17:39:06","slug":"estacioneros-preparan-una-presentacion-judicial-contra-la-nueva-resolucion-de-arca","status":"publish","type":"post","link":"https:\/\/fec.com.ar\/2022\/estacioneros-preparan-una-presentacion-judicial-contra-la-nueva-resolucion-de-arca\/","title":{"rendered":"ESTACIONEROS PREPARAN UNA PRESENTACI\u00d3N JUDICIAL CONTRA LA NUEVA RESOLUCI\u00d3N DE ARCA"},"content":{"rendered":"\n<p>Advierten que la normativa traslada responsabilidades propias del Estado a los operadores privados y anticipan que podr\u00eda abrirse un conflicto legal de alcance nacional.<\/p>\n\n\n\n<p>Estacioneros preparan una presentaci\u00f3n judicial contra la nueva resoluci\u00f3n de ARCA<br>Aseguran que la medida impone a los estacioneros una inapropiada delegaci\u00f3n del poder de polic\u00eda tributaria<br>Compartir IconoCOMPARTIR<br>FacebookTwitterWhatsAppEmail<br>Por Redacci\u00f3n Surtidores<\/p>\n\n\n\n<p>La reciente Resoluci\u00f3n General 5835\/2026 de la Agencia de Recaudaci\u00f3n y Control Aduanero, que introduce mayores exigencias operativas y fiscales sobre las Estaciones de Servicio, ya genera una fuerte reacci\u00f3n en el sector. Lejos de limitarse a cuestionamientos t\u00e9cnicos, los empresarios anticipan una ofensiva judicial para frenar su aplicaci\u00f3n.<\/p>\n\n\n\n<p>El presidente de la Federaci\u00f3n de Entidades de Combustibles, Juan Carlos Basilico, confirm\u00f3 a Surtidores que la entidad eval\u00faa avanzar con una presentaci\u00f3n ante la Justicia. La decisi\u00f3n surge tras un an\u00e1lisis legal interno que encendi\u00f3 alarmas sobre la constitucionalidad de la medida.<\/p>\n\n\n\n<p>Noticias relacionadas<\/p>\n\n\n\n<p>La norma en cuesti\u00f3n reitera la obligaci\u00f3n de las estaciones a realizar ensayos en cada recepci\u00f3n de combustibles, adem\u00e1s de asumir nuevas tareas vinculadas al control del destino de productos exentos de impuestos. Esto, en la pr\u00e1ctica, ampl\u00eda significativamente el rol de los operadores, que pasan de ser comercializadores a cumplir funciones cercanas a las de fiscalizaci\u00f3n.<\/p>\n\n\n\n<p>En ese sentido, el asesor letrado de FEC, Fabi\u00e1n Tobalo, sostuvo que la resoluci\u00f3n configura una \u201cinapropiada delegaci\u00f3n del poder de polic\u00eda tributaria\u201d, al imponer cargas activas de colaboraci\u00f3n sin respaldo legal suficiente.<\/p>\n\n\n\n<p>Para profundizar el concepto, advirti\u00f3 que la medida podr\u00eda vulnerar el art\u00edculo 17 de la Constituci\u00f3n Nacional, al trasladar obligaciones que implican costos y responsabilidades adicionales sin una ley que las sustente. Pero adem\u00e1s, se\u00f1al\u00f3 que tambi\u00e9n se ver\u00eda comprometido el art\u00edculo 18, al afectar garant\u00edas vinculadas al debido proceso.<\/p>\n\n\n\n<p>\u201cEl organismo recaudador no puede transferir a los privados funciones que le son propias\u201d, sintetiz\u00f3 Tobalo. Bajo esta interpretaci\u00f3n, si ARCA decide implementar mecanismos de control sobre combustibles alcanzados por beneficios impositivos, deber\u00eda ser el propio ente quien ejecute esas tareas de fiscalizaci\u00f3n.<\/p>\n\n\n\n<p><br>Basilico puso de relieve las consecuencias operativas de la medida: \u201cEsto no solo genera m\u00e1s carga administrativa, sino que tambi\u00e9n introduce riesgos concretos para la operatoria diaria. Los ensayos en cada recepci\u00f3n, sumados a nuevas exigencias de control, pueden derivar en demoras, mayores costos y exposici\u00f3n a sanciones por cuestiones que no dependen exclusivamente del estacionero\u201d.<\/p>\n\n\n\n<p>En la misma l\u00ednea, el dirigente fue tajante respecto del camino a seguir: \u201cVamos a ir a la Justicia porque entendemos que esta resoluci\u00f3n excede las facultades del organismo. Nos est\u00e1n colocando en un rol que no corresponde, transfiriendo responsabilidades que son indelegables del Estado\u201d.<\/p>\n","protected":false},"excerpt":{"rendered":"<p>Advierten que la normativa traslada responsabilidades propias del Estado a los operadores privados y anticipan que podr\u00eda abrirse un conflicto legal de alcance nacional. Estacioneros preparan una presentaci\u00f3n judicial contra la nueva resoluci\u00f3n de ARCAAseguran que la medida impone a los estacioneros una inapropiada delegaci\u00f3n del poder de polic\u00eda tributariaCompartir IconoCOMPARTIRFacebookTwitterWhatsAppEmailPor Redacci\u00f3n Surtidores La reciente [&hellip;]<\/p>\n","protected":false},"author":2,"featured_media":1390,"comment_status":"closed","ping_status":"closed","sticky":false,"template":"","format":"standard","meta":{"_uag_custom_page_level_css":"","footnotes":""},"categories":[1],"tags":[],"class_list":["post-1389","post","type-post","status-publish","format-standard","has-post-thumbnail","hentry","category-sin-categoria"],"uagb_featured_image_src":{"full":["https:\/\/fec.com.ar\/2022\/wp-content\/uploads\/2026\/04\/Estacioneros-preparan-una-presentacion-judicial-contra-la-nueva-resolucion-de-ARCA-1024x578-1.jpg",1024,578,false],"thumbnail":["https:\/\/fec.com.ar\/2022\/wp-content\/uploads\/2026\/04\/Estacioneros-preparan-una-presentacion-judicial-contra-la-nueva-resolucion-de-ARCA-1024x578-1-150x150.jpg",150,150,true],"medium":["https:\/\/fec.com.ar\/2022\/wp-content\/uploads\/2026\/04\/Estacioneros-preparan-una-presentacion-judicial-contra-la-nueva-resolucion-de-ARCA-1024x578-1-300x169.jpg",300,169,true],"medium_large":["https:\/\/fec.com.ar\/2022\/wp-content\/uploads\/2026\/04\/Estacioneros-preparan-una-presentacion-judicial-contra-la-nueva-resolucion-de-ARCA-1024x578-1-768x434.jpg",640,362,true],"large":["https:\/\/fec.com.ar\/2022\/wp-content\/uploads\/2026\/04\/Estacioneros-preparan-una-presentacion-judicial-contra-la-nueva-resolucion-de-ARCA-1024x578-1.jpg",640,361,false],"1536x1536":["https:\/\/fec.com.ar\/2022\/wp-content\/uploads\/2026\/04\/Estacioneros-preparan-una-presentacion-judicial-contra-la-nueva-resolucion-de-ARCA-1024x578-1.jpg",1024,578,false],"2048x2048":["https:\/\/fec.com.ar\/2022\/wp-content\/uploads\/2026\/04\/Estacioneros-preparan-una-presentacion-judicial-contra-la-nueva-resolucion-de-ARCA-1024x578-1.jpg",1024,578,false]},"uagb_author_info":{"display_name":false,"author_link":"https:\/\/fec.com.ar\/2022\/author\/c2151867\/"},"uagb_comment_info":0,"uagb_excerpt":"Advierten que la normativa traslada responsabilidades propias del Estado a los operadores privados y anticipan que podr\u00eda abrirse un conflicto legal de alcance nacional. Estacioneros preparan una presentaci\u00f3n judicial contra la nueva resoluci\u00f3n de ARCAAseguran que la medida impone a los estacioneros una inapropiada delegaci\u00f3n del poder de polic\u00eda tributariaCompartir IconoCOMPARTIRFacebookTwitterWhatsAppEmailPor Redacci\u00f3n Surtidores La reciente&hellip;","_links":{"self":[{"href":"https:\/\/fec.com.ar\/2022\/wp-json\/wp\/v2\/posts\/1389","targetHints":{"allow":["GET"]}}],"collection":[{"href":"https:\/\/fec.com.ar\/2022\/wp-json\/wp\/v2\/posts"}],"about":[{"href":"https:\/\/fec.com.ar\/2022\/wp-json\/wp\/v2\/types\/post"}],"author":[{"embeddable":true,"href":"https:\/\/fec.com.ar\/2022\/wp-json\/wp\/v2\/users\/2"}],"replies":[{"embeddable":true,"href":"https:\/\/fec.com.ar\/2022\/wp-json\/wp\/v2\/comments?post=1389"}],"version-history":[{"count":3,"href":"https:\/\/fec.com.ar\/2022\/wp-json\/wp\/v2\/posts\/1389\/revisions"}],"predecessor-version":[{"id":1393,"href":"https:\/\/fec.com.ar\/2022\/wp-json\/wp\/v2\/posts\/1389\/revisions\/1393"}],"wp:featuredmedia":[{"embeddable":true,"href":"https:\/\/fec.com.ar\/2022\/wp-json\/wp\/v2\/media\/1390"}],"wp:attachment":[{"href":"https:\/\/fec.com.ar\/2022\/wp-json\/wp\/v2\/media?parent=1389"}],"wp:term":[{"taxonomy":"category","embeddable":true,"href":"https:\/\/fec.com.ar\/2022\/wp-json\/wp\/v2\/categories?post=1389"},{"taxonomy":"post_tag","embeddable":true,"href":"https:\/\/fec.com.ar\/2022\/wp-json\/wp\/v2\/tags?post=1389"}],"curies":[{"name":"wp","href":"https:\/\/api.w.org\/{rel}","templated":true}]}}