{"id":899,"date":"2024-02-15T16:09:00","date_gmt":"2024-02-15T16:09:00","guid":{"rendered":"https:\/\/fec.com.ar\/2022\/?p=899"},"modified":"2024-02-15T16:09:01","modified_gmt":"2024-02-15T16:09:01","slug":"combustibles-las-petroleras-esperan-subas-moderadas-en-los-proximos-meses","status":"publish","type":"post","link":"https:\/\/fec.com.ar\/2022\/combustibles-las-petroleras-esperan-subas-moderadas-en-los-proximos-meses\/","title":{"rendered":"COMBUSTIBLES: LAS PETROLERAS ESPERAN SUBAS MODERADAS EN LOS PR\u00d3XIMOS MESES"},"content":{"rendered":"\n<p>El Gobierno de Milei necesita priorizar la recaudaci\u00f3n en medio de la recesi\u00f3n que impulsa y tras el fracaso de la ley \u00f3mnibus en el Congreso.<br>La necesidad oficial de equilibrio fiscal por la ca\u00edda de la ley \u00f3mnibus, adem\u00e1s de la ca\u00edda del poder adquisitivo, puede llevar a un cambio de escenario en relaci\u00f3n al precio de la nafta. Mientras que desde la victoria de Javier Milei y su posterior asunci\u00f3n \u00e9sta aument\u00f3 m\u00e1s de tres veces por encima de la inflaci\u00f3n, para los pr\u00f3ximos meses el sector de las petroleras, espera que este precio se modere. Ello se debe, en parte, a que el Gobierno eval\u00faa posponer la paridad del precio de venta local respecto al internacional para poder, en cambio, implementar una suba sostenida de los impuestos a los combustibles.<\/p>\n\n\n\n<p>El triunfo electoral de Milei desat\u00f3 inmediatamente una aceleraci\u00f3n de la suba de los combustibles, con la que las petroleras buscaron recuperar el atraso de precios que afrontaron bajo los acuerdos sellados con el gobierno de Alberto Fern\u00e1ndez. As\u00ed, desde fines de noviembre, la nafta y el gasoil subieron aproximadamente un 160%, contra una inflaci\u00f3n que ser\u00e1 cercana al 50% en el per\u00edodo.<\/p>\n\n\n\n<p>Pero la \u00faltima de las subas, aplicada el 1\u00ba de febrero, fue diferente. No se debi\u00f3 a una actualizaci\u00f3n de los costos base por parte de las petroleras sino al descongelamiento de los impuestos a los combustibles por parte del gobierno. Se trata del impuesto al di\u00f3xido de carbono y del impuesto a los combustibles l\u00edquidos, cuyos aumentos hab\u00edan sido pospuestos sucesivamente desde octubre de 2022, por \u00faltima vez en noviembre de 2023.<\/p>\n\n\n\n<p>Postergaci\u00f3n<br>La Secretar\u00eda de Energ\u00eda dispuso, al inicio del corriente mes, no volver a postergar las subas pero s\u00ed implementar un aumento escalonado. Por el momento, solo descongel\u00f3 las actualizaciones correspondientes a todo 2021 y 2022, mientras que anticip\u00f3 que las subas trimestrales correspondientes a 2023 se har\u00e1n el 1\u00ba de marzo, el 1\u00ba de abril y el 1\u00ba de mayo.<\/p>\n\n\n\n<p>En paralelo, la dependencia conducida por Eduardo Rodr\u00edguez Chirillo hab\u00eda prometido a las petroleras productoras, seg\u00fan los trascendidos, impulsar la paridad de exportaci\u00f3n (export parity), es decir, convalidar en el mercado local el mismo precio que el de exportaci\u00f3n.<\/p>\n\n\n\n<p>Sin embargo, esto no ser\u00e1 finalmente as\u00ed, al menos por el momento. Seg\u00fan se pudo saber, YPF adelant\u00f3 a sus petroleras no integradas (en las que terceriza parte de su producci\u00f3n) que no les convalidar\u00e1 el export parity en marzo como estaba previsto, mientras que trascendidos indican que Rodr\u00edguez Chirillo hizo lo mismo con las petroleras privadas en los \u00faltimos d\u00edas.<\/p>\n\n\n\n<p>Lo que vari\u00f3 no es otra cosa que el escenario macroecon\u00f3mico. Por un lado, debido a la aceleraci\u00f3n de la inflaci\u00f3n, que hace dif\u00edcil que las petroleras puedan continuar con un sendero de subas como hasta ahora por la ca\u00edda del poder adquisitivo de la gente. Por el otro, debido a que la ca\u00edda de la ley \u00f3mnibus llev\u00f3 al Ministerio de Econom\u00eda a tener que buscar otras v\u00edas para lograr cumplir con su meta de d\u00e9ficit cero. En resumen, la postergaci\u00f3n del export parity es b\u00e1sicamente un reconocimiento t\u00e1cito por parte del Gobierno de que las cosas no le est\u00e1n saliendo como quisiera.<\/p>\n\n\n\n<p>Nuevas prioridades<br>Lo cierto es que el Palacio de Hacienda aplicar\u00e1 as\u00ed un cambio de prioridades. Resignar\u00e1 darle una mayor rentabilidad a las empresas del sector para anteponer una mayor recaudaci\u00f3n fiscal y acercarse a la eliminaci\u00f3n del d\u00e9ficit. El impacto es significativo. Aunque es dif\u00edcil establecer con exactitud una cifra para este a\u00f1o (ya que depende de la estimaci\u00f3n del producto y del tipo de cambio), en las \u00faltimas d\u00e9cadas la recaudaci\u00f3n de los impuestos al di\u00f3xido de carbono y a los combustibles l\u00edquidos combinados promedi\u00f3 el 1% del PBI, seg\u00fan datos oficiales.<\/p>\n\n\n\n<p>Si es seguro que de ac\u00e1 a mayo aumentar\u00e1n los impuestos a los combustibles, en el sector petrolero consideran que la contraparte va a ser una moderaci\u00f3n de la suba de los dem\u00e1s componentes del precio final para evitar un mayor impacto inflacionario, especialmente teniendo en cuenta su efecto multiplicador sobre otros sectores.<\/p>\n\n\n\n<p>Incluso, fuentes de las petroleras privadas con las que habl\u00f3 El Destape entienden que tambi\u00e9n habr\u00e1 una necesidad natural de no seguir aumentando el precio al ritmo de los \u00faltimos dos meses debido a que la ca\u00edda del poder adquisitivo llevar\u00eda a una ca\u00edda en las ventas.<\/p>\n\n\n\n<p>As\u00ed, en los pr\u00f3ximos meses aumentar\u00eda la proporci\u00f3n de los impuestos en el precio final del litro. Dado que esta proporci\u00f3n es hoy de poco m\u00e1s del 10%, su suba sostenida tendr\u00e1 un impacto menor que la que tendr\u00eda la suba de los dem\u00e1s componentes del precio final. De hecho, la intenci\u00f3n del Ministerio de Econom\u00eda, entienden en las petroleras, es que los aumentos de los combustibles corran cerca del 8% mensual, y no del 25% que promedi\u00f3 la inflaci\u00f3n entre diciembre y enero.<\/p>\n\n\n\n<p>Necesidad del gobierno \u2013 equilibrio fiscal<br>En definitiva, la necesidad fiscal de Milei contribuir\u00e1 ir\u00f3nicamente, junto con la brutal ca\u00edda del poder adquisitivo de los \u00faltimos dos meses, a moderar en este caso la suba del precio que deber\u00e1n pagar los usuarios.<strong> Fuente: eldestapeweb.com<\/strong><\/p>\n","protected":false},"excerpt":{"rendered":"<p>El Gobierno de Milei necesita priorizar la recaudaci\u00f3n en medio de la recesi\u00f3n que impulsa y tras el fracaso de la ley \u00f3mnibus en el Congreso.La necesidad oficial de equilibrio fiscal por la ca\u00edda de la ley \u00f3mnibus, adem\u00e1s de la ca\u00edda del poder adquisitivo, puede llevar a un cambio de escenario en relaci\u00f3n al [&hellip;]<\/p>\n","protected":false},"author":2,"featured_media":900,"comment_status":"closed","ping_status":"closed","sticky":false,"template":"","format":"standard","meta":{"_uag_custom_page_level_css":"","footnotes":""},"categories":[1],"tags":[],"class_list":["post-899","post","type-post","status-publish","format-standard","has-post-thumbnail","hentry","category-sin-categoria"],"uagb_featured_image_src":{"full":["https:\/\/fec.com.ar\/2022\/wp-content\/uploads\/2024\/02\/Cartel-precios-ypf2-copia_InPixio-750x430-1.jpg",750,430,false],"thumbnail":["https:\/\/fec.com.ar\/2022\/wp-content\/uploads\/2024\/02\/Cartel-precios-ypf2-copia_InPixio-750x430-1-150x150.jpg",150,150,true],"medium":["https:\/\/fec.com.ar\/2022\/wp-content\/uploads\/2024\/02\/Cartel-precios-ypf2-copia_InPixio-750x430-1-300x172.jpg",300,172,true],"medium_large":["https:\/\/fec.com.ar\/2022\/wp-content\/uploads\/2024\/02\/Cartel-precios-ypf2-copia_InPixio-750x430-1.jpg",640,367,false],"large":["https:\/\/fec.com.ar\/2022\/wp-content\/uploads\/2024\/02\/Cartel-precios-ypf2-copia_InPixio-750x430-1.jpg",640,367,false],"1536x1536":["https:\/\/fec.com.ar\/2022\/wp-content\/uploads\/2024\/02\/Cartel-precios-ypf2-copia_InPixio-750x430-1.jpg",750,430,false],"2048x2048":["https:\/\/fec.com.ar\/2022\/wp-content\/uploads\/2024\/02\/Cartel-precios-ypf2-copia_InPixio-750x430-1.jpg",750,430,false]},"uagb_author_info":{"display_name":false,"author_link":"https:\/\/fec.com.ar\/2022\/author\/c2151867\/"},"uagb_comment_info":0,"uagb_excerpt":"El Gobierno de Milei necesita priorizar la recaudaci\u00f3n en medio de la recesi\u00f3n que impulsa y tras el fracaso de la ley \u00f3mnibus en el Congreso.La necesidad oficial de equilibrio fiscal por la ca\u00edda de la ley \u00f3mnibus, adem\u00e1s de la ca\u00edda del poder adquisitivo, puede llevar a un cambio de escenario en relaci\u00f3n al&hellip;","_links":{"self":[{"href":"https:\/\/fec.com.ar\/2022\/wp-json\/wp\/v2\/posts\/899","targetHints":{"allow":["GET"]}}],"collection":[{"href":"https:\/\/fec.com.ar\/2022\/wp-json\/wp\/v2\/posts"}],"about":[{"href":"https:\/\/fec.com.ar\/2022\/wp-json\/wp\/v2\/types\/post"}],"author":[{"embeddable":true,"href":"https:\/\/fec.com.ar\/2022\/wp-json\/wp\/v2\/users\/2"}],"replies":[{"embeddable":true,"href":"https:\/\/fec.com.ar\/2022\/wp-json\/wp\/v2\/comments?post=899"}],"version-history":[{"count":1,"href":"https:\/\/fec.com.ar\/2022\/wp-json\/wp\/v2\/posts\/899\/revisions"}],"predecessor-version":[{"id":901,"href":"https:\/\/fec.com.ar\/2022\/wp-json\/wp\/v2\/posts\/899\/revisions\/901"}],"wp:featuredmedia":[{"embeddable":true,"href":"https:\/\/fec.com.ar\/2022\/wp-json\/wp\/v2\/media\/900"}],"wp:attachment":[{"href":"https:\/\/fec.com.ar\/2022\/wp-json\/wp\/v2\/media?parent=899"}],"wp:term":[{"taxonomy":"category","embeddable":true,"href":"https:\/\/fec.com.ar\/2022\/wp-json\/wp\/v2\/categories?post=899"},{"taxonomy":"post_tag","embeddable":true,"href":"https:\/\/fec.com.ar\/2022\/wp-json\/wp\/v2\/tags?post=899"}],"curies":[{"name":"wp","href":"https:\/\/api.w.org\/{rel}","templated":true}]}}