{"id":906,"date":"2024-03-05T21:41:48","date_gmt":"2024-03-05T21:41:48","guid":{"rendered":"https:\/\/fec.com.ar\/2022\/?p=906"},"modified":"2024-03-05T21:41:48","modified_gmt":"2024-03-05T21:41:48","slug":"impulsaran-el-asesoramiento-y-la-capacitacion-en-seguridad-e-higiene-para-estaciones-de-servicio","status":"publish","type":"post","link":"https:\/\/fec.com.ar\/2022\/impulsaran-el-asesoramiento-y-la-capacitacion-en-seguridad-e-higiene-para-estaciones-de-servicio\/","title":{"rendered":"IMPULSAR\u00c1N EL ASESORAMIENTO Y LA CAPACITACI\u00d3N EN SEGURIDAD E HIGIENE PARA ESTACIONES DE SERVICIO"},"content":{"rendered":"\n<p>Con la llegada del nuevo a\u00f1o, la Federaci\u00f3n de Combustibles se plante\u00f3 poner especial atenci\u00f3n a la agenda de temas relativos a la adaptaci\u00f3n de la operatividad del expendio a las exigencias de cuidado del ambiente de trabajo y el ecosistema que impone el mundo actual.<\/p>\n\n\n\n<p>Impulsar\u00e1n el asesoramiento y la capacitaci\u00f3n en seguridad e higiene para Estaciones de Servicio<br>Los profesionales trabajar\u00e1n sobre pr\u00e1cticas laborales seguras y el control de tanques<br>FacebookTwitterWhatsAppEmail<br>Por Redacci\u00f3n Surtidores<br>Los desaf\u00edos de las Estaciones de Servicio del siglo XXI impulsaron a los dirigentes de la entidad empresaria bonaerense a llevar a cabo un plan de compromiso con el medioambiente y la sostenibilidad de los trabajadores del sector y sus clientes.<\/p>\n\n\n\n<p>As\u00ed lo hizo saber a surtidores.com.ar el presidente de FEC, Juan Carlos Bas\u00edlico quien anunci\u00f3 formalmente la puesta en marcha de un programa de apoyo gratuito no solamente para los asociados, sino tambi\u00e9n para la totalidad de los estacioneros bonaerenses que planteen dudas e inquietudes en materia de Seguridad e Higiene.<\/p>\n\n\n\n<p>Para ello, incorporaron al equipo de profesionales a los Ingenieros&nbsp;<strong>Carlos Cozzolino y Marcelo Pontati<\/strong>, quienes detallaron a este medio los puntales fundamentales del proyecto que llevar\u00e1n adelante este a\u00f1o en beneficio de los empresarios y trabajadores del rubro expendedor.<\/p>\n\n\n\n<p>Al respecto, explicaron que trabajar\u00e1n sobre tres ejes fundamentales como son las pr\u00e1cticas laborales seguras, el control de tanques y dep\u00f3sitos subterr\u00e1neos y dem\u00e1s infraestructura, adem\u00e1s del tratamiento y manipulaci\u00f3n de residuos peligrosos que generan las expendedoras.<\/p>\n\n\n\n<p>En ese aspecto observaron que abrir\u00e1n la posibilidad de&nbsp;<strong>realizar cursos de capacitaci\u00f3n<\/strong>&nbsp;permanente apadrinados por la FEC, junto al di\u00e1logo cotidiano con los colegas de las bocas de expendio que tengan planteos especiales sobre la tem\u00e1tica en rigor.<\/p>\n\n\n\n<p>Los ingenieros ponderaron el compromiso que hist\u00f3ricamente demuestran los estacioneros en el cumplimiento de las normas y resoluciones requeridas para sostener el negocio y sustentar la vigencia de las habilitaciones que imponen las autoridades de los estados nacionales, provinciales y municipales.<\/p>\n\n\n\n<p>Sin embargo, dejaron en claro que en muchos casos, ya sea por el hecho de que los estaciones son antiguas o por causa de falta de conocimiento o imprevistos&nbsp; involuntarios de los empresarios, se torna necesario hacer hincapi\u00e9 en la prevenci\u00f3n y tener las cosas claras al momento de actuar o terminar tr\u00e1mites legales o administrativos que son fundamentales para la operatividad cotidiana.<\/p>\n\n\n\n<p>Finalmente desde FEC, destacaron que el esfuerzo que la instituci\u00f3n realizar\u00e1 en estos proyectos tiene como \u00fanica meta, el bienestar y la tranquilidad de los colegas, sus planteles de personal y la ciudadan\u00eda que interact\u00faa constantemente con las Estaciones de Servicio.<\/p>\n","protected":false},"excerpt":{"rendered":"<p>Con la llegada del nuevo a\u00f1o, la Federaci\u00f3n de Combustibles se plante\u00f3 poner especial atenci\u00f3n a la agenda de temas relativos a la adaptaci\u00f3n de la operatividad del expendio a las exigencias de cuidado del ambiente de trabajo y el ecosistema que impone el mundo actual. Impulsar\u00e1n el asesoramiento y la capacitaci\u00f3n en seguridad e [&hellip;]<\/p>\n","protected":false},"author":2,"featured_media":907,"comment_status":"closed","ping_status":"closed","sticky":false,"template":"","format":"standard","meta":{"_uag_custom_page_level_css":"","footnotes":""},"categories":[1],"tags":[],"class_list":["post-906","post","type-post","status-publish","format-standard","has-post-thumbnail","hentry","category-sin-categoria"],"uagb_featured_image_src":{"full":["https:\/\/fec.com.ar\/2022\/wp-content\/uploads\/2024\/03\/Impulsaran-el-asesoramiento-y-la-capacitacion-en-seguridad-e-higiene-para-Estaciones-de-Servicio.jpg",750,445,false],"thumbnail":["https:\/\/fec.com.ar\/2022\/wp-content\/uploads\/2024\/03\/Impulsaran-el-asesoramiento-y-la-capacitacion-en-seguridad-e-higiene-para-Estaciones-de-Servicio-150x150.jpg",150,150,true],"medium":["https:\/\/fec.com.ar\/2022\/wp-content\/uploads\/2024\/03\/Impulsaran-el-asesoramiento-y-la-capacitacion-en-seguridad-e-higiene-para-Estaciones-de-Servicio-300x178.jpg",300,178,true],"medium_large":["https:\/\/fec.com.ar\/2022\/wp-content\/uploads\/2024\/03\/Impulsaran-el-asesoramiento-y-la-capacitacion-en-seguridad-e-higiene-para-Estaciones-de-Servicio.jpg",640,380,false],"large":["https:\/\/fec.com.ar\/2022\/wp-content\/uploads\/2024\/03\/Impulsaran-el-asesoramiento-y-la-capacitacion-en-seguridad-e-higiene-para-Estaciones-de-Servicio.jpg",640,380,false],"1536x1536":["https:\/\/fec.com.ar\/2022\/wp-content\/uploads\/2024\/03\/Impulsaran-el-asesoramiento-y-la-capacitacion-en-seguridad-e-higiene-para-Estaciones-de-Servicio.jpg",750,445,false],"2048x2048":["https:\/\/fec.com.ar\/2022\/wp-content\/uploads\/2024\/03\/Impulsaran-el-asesoramiento-y-la-capacitacion-en-seguridad-e-higiene-para-Estaciones-de-Servicio.jpg",750,445,false]},"uagb_author_info":{"display_name":false,"author_link":"https:\/\/fec.com.ar\/2022\/author\/c2151867\/"},"uagb_comment_info":0,"uagb_excerpt":"Con la llegada del nuevo a\u00f1o, la Federaci\u00f3n de Combustibles se plante\u00f3 poner especial atenci\u00f3n a la agenda de temas relativos a la adaptaci\u00f3n de la operatividad del expendio a las exigencias de cuidado del ambiente de trabajo y el ecosistema que impone el mundo actual. Impulsar\u00e1n el asesoramiento y la capacitaci\u00f3n en seguridad e&hellip;","_links":{"self":[{"href":"https:\/\/fec.com.ar\/2022\/wp-json\/wp\/v2\/posts\/906","targetHints":{"allow":["GET"]}}],"collection":[{"href":"https:\/\/fec.com.ar\/2022\/wp-json\/wp\/v2\/posts"}],"about":[{"href":"https:\/\/fec.com.ar\/2022\/wp-json\/wp\/v2\/types\/post"}],"author":[{"embeddable":true,"href":"https:\/\/fec.com.ar\/2022\/wp-json\/wp\/v2\/users\/2"}],"replies":[{"embeddable":true,"href":"https:\/\/fec.com.ar\/2022\/wp-json\/wp\/v2\/comments?post=906"}],"version-history":[{"count":1,"href":"https:\/\/fec.com.ar\/2022\/wp-json\/wp\/v2\/posts\/906\/revisions"}],"predecessor-version":[{"id":908,"href":"https:\/\/fec.com.ar\/2022\/wp-json\/wp\/v2\/posts\/906\/revisions\/908"}],"wp:featuredmedia":[{"embeddable":true,"href":"https:\/\/fec.com.ar\/2022\/wp-json\/wp\/v2\/media\/907"}],"wp:attachment":[{"href":"https:\/\/fec.com.ar\/2022\/wp-json\/wp\/v2\/media?parent=906"}],"wp:term":[{"taxonomy":"category","embeddable":true,"href":"https:\/\/fec.com.ar\/2022\/wp-json\/wp\/v2\/categories?post=906"},{"taxonomy":"post_tag","embeddable":true,"href":"https:\/\/fec.com.ar\/2022\/wp-json\/wp\/v2\/tags?post=906"}],"curies":[{"name":"wp","href":"https:\/\/api.w.org\/{rel}","templated":true}]}}