{"id":911,"date":"2024-03-12T17:34:29","date_gmt":"2024-03-12T17:34:29","guid":{"rendered":"https:\/\/fec.com.ar\/2022\/?p=911"},"modified":"2024-03-13T16:32:05","modified_gmt":"2024-03-13T16:32:05","slug":"la-federacion-de-entidades-de-combustibles-se-solidariza-con-la-familia-del-playero-asesinado","status":"publish","type":"post","link":"https:\/\/fec.com.ar\/2022\/la-federacion-de-entidades-de-combustibles-se-solidariza-con-la-familia-del-playero-asesinado\/","title":{"rendered":"LA FEDERACI\u00d3N DE ENTIDADES DE COMBUSTIBLES SE SOLIDARIZA CON LA FAMILIA DEL PLAYERO ASESINADO"},"content":{"rendered":"\n<p>Desde FEC, la Comisi\u00f3n directiva expresa su m\u00e1s profundo pesar y condolencias hacia los seres queridos del joven trabajador de la Estaci\u00f3n de Servicio de Rosario Bruno Nicol\u00e1s Bussanich, asesinado con crueldad por sicarios del narcotr\u00e1fico.<\/p>\n\n\n\n<p>Adem\u00e1s los dirigentes de FEC se pusieron a disposici\u00f3n del empresario de la boca de expendio atacada para acompa\u00f1arlo en este duro momento, con la convicci\u00f3n de que la paz vuelva al coraz\u00f3n de todos los argentinos y argentinas.<\/p>\n\n\n\n<p>Especialmente elevaron su plegaria por todos los trabajadores y trabajadoras de las Estaciones de Servicio para que nunca m\u00e1s se repitan estos tr\u00e1gicos sucesos que impactan duramente en la familia estacionera.<\/p>\n","protected":false},"excerpt":{"rendered":"<p>Desde FEC, la Comisi\u00f3n directiva expresa su m\u00e1s profundo pesar y condolencias hacia los seres queridos del joven trabajador de la Estaci\u00f3n de Servicio de Rosario Bruno Nicol\u00e1s Bussanich, asesinado con crueldad por sicarios del narcotr\u00e1fico. Adem\u00e1s los dirigentes de FEC se pusieron a disposici\u00f3n del empresario de la boca de expendio atacada para acompa\u00f1arlo [&hellip;]<\/p>\n","protected":false},"author":2,"featured_media":922,"comment_status":"open","ping_status":"open","sticky":false,"template":"","format":"standard","meta":{"_uag_custom_page_level_css":"","footnotes":""},"categories":[1],"tags":[],"class_list":["post-911","post","type-post","status-publish","format-standard","has-post-thumbnail","hentry","category-sin-categoria"],"uagb_featured_image_src":{"full":["https:\/\/fec.com.ar\/2022\/wp-content\/uploads\/2024\/03\/imagen_de_whatsapp_2024-03-10_a_las_01_47_04_dcf00f1e_1.jpg_1756841869.jpg",800,450,false],"thumbnail":["https:\/\/fec.com.ar\/2022\/wp-content\/uploads\/2024\/03\/imagen_de_whatsapp_2024-03-10_a_las_01_47_04_dcf00f1e_1.jpg_1756841869-150x150.jpg",150,150,true],"medium":["https:\/\/fec.com.ar\/2022\/wp-content\/uploads\/2024\/03\/imagen_de_whatsapp_2024-03-10_a_las_01_47_04_dcf00f1e_1.jpg_1756841869-300x169.jpg",300,169,true],"medium_large":["https:\/\/fec.com.ar\/2022\/wp-content\/uploads\/2024\/03\/imagen_de_whatsapp_2024-03-10_a_las_01_47_04_dcf00f1e_1.jpg_1756841869-768x432.jpg",640,360,true],"large":["https:\/\/fec.com.ar\/2022\/wp-content\/uploads\/2024\/03\/imagen_de_whatsapp_2024-03-10_a_las_01_47_04_dcf00f1e_1.jpg_1756841869.jpg",640,360,false],"1536x1536":["https:\/\/fec.com.ar\/2022\/wp-content\/uploads\/2024\/03\/imagen_de_whatsapp_2024-03-10_a_las_01_47_04_dcf00f1e_1.jpg_1756841869.jpg",800,450,false],"2048x2048":["https:\/\/fec.com.ar\/2022\/wp-content\/uploads\/2024\/03\/imagen_de_whatsapp_2024-03-10_a_las_01_47_04_dcf00f1e_1.jpg_1756841869.jpg",800,450,false]},"uagb_author_info":{"display_name":false,"author_link":"https:\/\/fec.com.ar\/2022\/author\/c2151867\/"},"uagb_comment_info":1,"uagb_excerpt":"Desde FEC, la Comisi\u00f3n directiva expresa su m\u00e1s profundo pesar y condolencias hacia los seres queridos del joven trabajador de la Estaci\u00f3n de Servicio de Rosario Bruno Nicol\u00e1s Bussanich, asesinado con crueldad por sicarios del narcotr\u00e1fico. Adem\u00e1s los dirigentes de FEC se pusieron a disposici\u00f3n del empresario de la boca de expendio atacada para acompa\u00f1arlo&hellip;","_links":{"self":[{"href":"https:\/\/fec.com.ar\/2022\/wp-json\/wp\/v2\/posts\/911","targetHints":{"allow":["GET"]}}],"collection":[{"href":"https:\/\/fec.com.ar\/2022\/wp-json\/wp\/v2\/posts"}],"about":[{"href":"https:\/\/fec.com.ar\/2022\/wp-json\/wp\/v2\/types\/post"}],"author":[{"embeddable":true,"href":"https:\/\/fec.com.ar\/2022\/wp-json\/wp\/v2\/users\/2"}],"replies":[{"embeddable":true,"href":"https:\/\/fec.com.ar\/2022\/wp-json\/wp\/v2\/comments?post=911"}],"version-history":[{"count":1,"href":"https:\/\/fec.com.ar\/2022\/wp-json\/wp\/v2\/posts\/911\/revisions"}],"predecessor-version":[{"id":913,"href":"https:\/\/fec.com.ar\/2022\/wp-json\/wp\/v2\/posts\/911\/revisions\/913"}],"wp:featuredmedia":[{"embeddable":true,"href":"https:\/\/fec.com.ar\/2022\/wp-json\/wp\/v2\/media\/922"}],"wp:attachment":[{"href":"https:\/\/fec.com.ar\/2022\/wp-json\/wp\/v2\/media?parent=911"}],"wp:term":[{"taxonomy":"category","embeddable":true,"href":"https:\/\/fec.com.ar\/2022\/wp-json\/wp\/v2\/categories?post=911"},{"taxonomy":"post_tag","embeddable":true,"href":"https:\/\/fec.com.ar\/2022\/wp-json\/wp\/v2\/tags?post=911"}],"curies":[{"name":"wp","href":"https:\/\/api.w.org\/{rel}","templated":true}]}}