{"id":914,"date":"2024-03-13T16:13:16","date_gmt":"2024-03-13T16:13:16","guid":{"rendered":"https:\/\/fec.com.ar\/2022\/?p=914"},"modified":"2024-03-13T16:17:09","modified_gmt":"2024-03-13T16:17:09","slug":"estacioneros-reclaman-un-policia-para-cada-establecimiento-y-mantienen-el-paro-nocturno-por-tiempo-indeterminado","status":"publish","type":"post","link":"https:\/\/fec.com.ar\/2022\/estacioneros-reclaman-un-policia-para-cada-establecimiento-y-mantienen-el-paro-nocturno-por-tiempo-indeterminado\/","title":{"rendered":"ESTACIONEROS RECLAMAN UN POLIC\u00cdA PARA CADA ESTABLECIMIENTO Y MANTIENEN EL PARO NOCTURNO POR TIEMPO INDETERMINADO"},"content":{"rendered":"\n<p>Mientras las autoridades provinciales analizan las medidas pedidas por los expendedores, tras el tr\u00e1gico asesinato del playero perpetrado por sicarios, contin\u00faa la acci\u00f3n de fuerza sin atenci\u00f3n de 22 a 6 horas, en los surtidores de Rosario. Por el momento parece muy lejos la soluci\u00f3n.<\/p>\n\n\n\n<p>Estacioneros reclaman un polic\u00eda para cada establecimiento y mantienen el paro nocturno por tiempo indeterminado. La carta que los estacioneros y trabajadores enviaron al gobernador Maximiliano Pullaro<br><br>Por Redacci\u00f3n Surtidores<br>Los representantes de la C\u00e1mara de Estaciones de Servicio de Rosario (CESGAR), la Federaci\u00f3n de Expendedores del Interior (FAENI) y el sindicato de trabajadores del sector (SOESGyPLA), les solicitaron personalmente a los funcionarios de la provincia de Santa Fe, una custodia policial por cada establecimiento como condici\u00f3n para reabrir por las noches.<\/p>\n\n\n\n<p>En el encuentro realizado durante la tarde de ayer, el ministro Pablo Cococcioni, junto a su par de producci\u00f3n Gustavo Puccini y el jefe de Polic\u00eda Luis Maldonado, recibieron a los estacioneros representados por Sebasti\u00e1n Est\u00e9vez de CESGAR, los directivos de FAENI e Ismael Marc\u00f3n de SOESGyPLA, quienes presentaron una serie de conceptos que ya hab\u00edan sido elevados por carta tanto a la administraci\u00f3n provincial de Maximiliano Pullaro como tambi\u00e9n a la ministra de Seguridad Patricia Bullrich.<\/p>\n","protected":false},"excerpt":{"rendered":"<p>Mientras las autoridades provinciales analizan las medidas pedidas por los expendedores, tras el tr\u00e1gico asesinato del playero perpetrado por sicarios, contin\u00faa la acci\u00f3n de fuerza sin atenci\u00f3n de 22 a 6 horas, en los surtidores de Rosario. Por el momento parece muy lejos la soluci\u00f3n. Estacioneros reclaman un polic\u00eda para cada establecimiento y mantienen el [&hellip;]<\/p>\n","protected":false},"author":2,"featured_media":915,"comment_status":"closed","ping_status":"closed","sticky":false,"template":"","format":"standard","meta":{"_uag_custom_page_level_css":"","footnotes":""},"categories":[1],"tags":[],"class_list":["post-914","post","type-post","status-publish","format-standard","has-post-thumbnail","hentry","category-sin-categoria"],"uagb_featured_image_src":{"full":["https:\/\/fec.com.ar\/2022\/wp-content\/uploads\/2024\/03\/Nota.jpg",750,431,false],"thumbnail":["https:\/\/fec.com.ar\/2022\/wp-content\/uploads\/2024\/03\/Nota-150x150.jpg",150,150,true],"medium":["https:\/\/fec.com.ar\/2022\/wp-content\/uploads\/2024\/03\/Nota-300x172.jpg",300,172,true],"medium_large":["https:\/\/fec.com.ar\/2022\/wp-content\/uploads\/2024\/03\/Nota.jpg",640,368,false],"large":["https:\/\/fec.com.ar\/2022\/wp-content\/uploads\/2024\/03\/Nota.jpg",640,368,false],"1536x1536":["https:\/\/fec.com.ar\/2022\/wp-content\/uploads\/2024\/03\/Nota.jpg",750,431,false],"2048x2048":["https:\/\/fec.com.ar\/2022\/wp-content\/uploads\/2024\/03\/Nota.jpg",750,431,false]},"uagb_author_info":{"display_name":false,"author_link":"https:\/\/fec.com.ar\/2022\/author\/c2151867\/"},"uagb_comment_info":0,"uagb_excerpt":"Mientras las autoridades provinciales analizan las medidas pedidas por los expendedores, tras el tr\u00e1gico asesinato del playero perpetrado por sicarios, contin\u00faa la acci\u00f3n de fuerza sin atenci\u00f3n de 22 a 6 horas, en los surtidores de Rosario. Por el momento parece muy lejos la soluci\u00f3n. Estacioneros reclaman un polic\u00eda para cada establecimiento y mantienen el&hellip;","_links":{"self":[{"href":"https:\/\/fec.com.ar\/2022\/wp-json\/wp\/v2\/posts\/914","targetHints":{"allow":["GET"]}}],"collection":[{"href":"https:\/\/fec.com.ar\/2022\/wp-json\/wp\/v2\/posts"}],"about":[{"href":"https:\/\/fec.com.ar\/2022\/wp-json\/wp\/v2\/types\/post"}],"author":[{"embeddable":true,"href":"https:\/\/fec.com.ar\/2022\/wp-json\/wp\/v2\/users\/2"}],"replies":[{"embeddable":true,"href":"https:\/\/fec.com.ar\/2022\/wp-json\/wp\/v2\/comments?post=914"}],"version-history":[{"count":2,"href":"https:\/\/fec.com.ar\/2022\/wp-json\/wp\/v2\/posts\/914\/revisions"}],"predecessor-version":[{"id":917,"href":"https:\/\/fec.com.ar\/2022\/wp-json\/wp\/v2\/posts\/914\/revisions\/917"}],"wp:featuredmedia":[{"embeddable":true,"href":"https:\/\/fec.com.ar\/2022\/wp-json\/wp\/v2\/media\/915"}],"wp:attachment":[{"href":"https:\/\/fec.com.ar\/2022\/wp-json\/wp\/v2\/media?parent=914"}],"wp:term":[{"taxonomy":"category","embeddable":true,"href":"https:\/\/fec.com.ar\/2022\/wp-json\/wp\/v2\/categories?post=914"},{"taxonomy":"post_tag","embeddable":true,"href":"https:\/\/fec.com.ar\/2022\/wp-json\/wp\/v2\/tags?post=914"}],"curies":[{"name":"wp","href":"https:\/\/api.w.org\/{rel}","templated":true}]}}