{"id":918,"date":"2024-03-13T16:16:34","date_gmt":"2024-03-13T16:16:34","guid":{"rendered":"https:\/\/fec.com.ar\/2022\/?p=918"},"modified":"2024-03-13T16:26:30","modified_gmt":"2024-03-13T16:26:30","slug":"cambio-climatico-y-estaciones-de-servicio-cerradas-un-combo-riesgoso-para-expendedores-y-la-comunidad","status":"publish","type":"post","link":"https:\/\/fec.com.ar\/2022\/cambio-climatico-y-estaciones-de-servicio-cerradas-un-combo-riesgoso-para-expendedores-y-la-comunidad\/","title":{"rendered":"CAMBIO CLIM\u00c1TICO Y ESTACIONES DE SERVICIO CERRADAS, UN COMBO RIESGOSO PARA EXPENDEDORES Y LA COMUNIDAD"},"content":{"rendered":"\n<p>Las recientes tormentas, cada vez m\u00e1s frecuentes como devastadoras, pusieron en alerta a regiones urbanas y rurales. Estos fen\u00f3menos, que causaron estragos en diversas zonas, resaltan un peligro latente relacionado con las operadoras cerradas o abandonadas.<\/p>\n\n\n\n<p><\/p>\n\n\n\n<p><small>Por la tormenta, una Estaci\u00f3n de Servicio inactiva desde hace m\u00e1s de un a\u00f1o sufri\u00f3 el derrumbe de su techo y otros da\u00f1os estructurales<\/small><\/p>\n\n\n\n<p><small>Por Redacci\u00f3n Surtidores<\/small><\/p>\n\n\n\n<p>Tras la \u00faltima tormenta de ayer, en el Gran Buenos Aires, una Estaci\u00f3n de Servicio inactiva desde hace m\u00e1s de un a\u00f1o,&nbsp;<strong>sufri\u00f3 el derrumbe de su techo y otros da\u00f1os estructurales de consideraci\u00f3n<\/strong>. Si bien no se reportaron heridos ni incidentes graves, la situaci\u00f3n dej\u00f3 en evidencia la&nbsp;<strong>fragilidad de estos establecimientos ante eventos clim\u00e1ticos extremos<\/strong>.<\/p>\n\n\n\n<p>Este problema no es nuevo. Las crisis econ\u00f3micas de los \u00faltimos a\u00f1os han dejado un paisaje marcado por cientos de bocas de expendio de combustibles cerradas o abandonadas en diferentes provincias. A pesar de ello, estos lugares contin\u00faan siendo un foco de atenci\u00f3n para autoridades y propietarios, especialmente ante la creciente intensidad de los eventos naturales.<\/p>\n\n\n\n<p>En cuanto a la responsabilidad legal,&nbsp;<strong>Fabi\u00e1n Tobalo<\/strong>, abogado de la Federaci\u00f3n de Entidades de Combustibles, destac\u00f3 a&nbsp;<strong>surtidores.com.ar<\/strong>&nbsp;que los propietarios de estos negocios siguen siendo responsables por los da\u00f1os que puedan causarse a terceros, incluso si el local est\u00e1 inactivo. \u201c<em>Esta responsabilidad recae adem\u00e1s sobre el arrendatario, en el caso de tenerlo, seg\u00fan lo establecido por el C\u00f3digo Civil\u201d<\/em>, apunt\u00f3.<\/p>\n\n\n\n<p>El letrado tambi\u00e9n se\u00f1al\u00f3 la&nbsp;<strong>importancia de contar con p\u00f3lizas de seguro adecuadas<\/strong>&nbsp;para cubrir estos riesgos, ya que las cl\u00e1usulas de indemnidad entre due\u00f1os y locatarios no son oponibles a terceros afectados por incidentes en estas instalaciones.<\/p>\n\n\n\n<p>Por su parte,&nbsp;<strong>Marcelo Deve<\/strong>, experto en seguros, enfatiz\u00f3 que, incluso cuando una Estaci\u00f3n de servicio est\u00e1 cerrada, sigue existiendo un riesgo f\u00edsico que puede afectar a los dem\u00e1s. En este sentido, advirti\u00f3 que argumentar casos fortuitos o fuerza mayor ante da\u00f1os causados por fen\u00f3menos clim\u00e1ticos extremos puede ser inv\u00e1lido, dado el conocimiento previo de estas posibilidades.<\/p>\n\n\n\n<p>Deve afirm\u00f3 en ese contexto que \u201c<em>el punto de que la Estaci\u00f3n de Servicio se encuentre cerrada puede afectar a algunos seguros, con lo cual siempre es conveniente que si la suspende la actividad comercial y se quiere mantener la cobertura, esta situaci\u00f3n le sea informada al productor para que \u00e9ste comunique a la compa\u00f1\u00eda la situaci\u00f3n<\/em>\u201d.<\/p>\n\n\n\n<p>Aclar\u00f3 que este consejo es pertinente dado que ocasionalmente hay cierres que son temporarios, otros donde concurre gente que est\u00e1 haciendo trabajos, o situaciones que pueden ser consideradas delitos en caso de no dar aviso.<\/p>\n\n\n\n<p>\u201c<em>Es fundamental tomar medidas preventivas adecuadas y contar con coberturas de seguro, m\u00e1s all\u00e1 de la situaci\u00f3n particular que deben ser apropiadas para mitigar estos riesgos y proteger la seguridad de todos los involucrados<\/em>\u201d, concluy\u00f3 Deve.<\/p>\n","protected":false},"excerpt":{"rendered":"<p>Las recientes tormentas, cada vez m\u00e1s frecuentes como devastadoras, pusieron en alerta a regiones urbanas y rurales. Estos fen\u00f3menos, que causaron estragos en diversas zonas, resaltan un peligro latente relacionado con las operadoras cerradas o abandonadas. Por la tormenta, una Estaci\u00f3n de Servicio inactiva desde hace m\u00e1s de un a\u00f1o sufri\u00f3 el derrumbe de su [&hellip;]<\/p>\n","protected":false},"author":2,"featured_media":920,"comment_status":"closed","ping_status":"closed","sticky":false,"template":"","format":"standard","meta":{"_uag_custom_page_level_css":"","footnotes":""},"categories":[1],"tags":[],"class_list":["post-918","post","type-post","status-publish","format-standard","has-post-thumbnail","hentry","category-sin-categoria"],"uagb_featured_image_src":{"full":["https:\/\/fec.com.ar\/2022\/wp-content\/uploads\/2024\/03\/Cambio-climatico-y-Estaciones-de-Servicio-cerradas-un-combo-riesgoso-para-expendedores-y-la-comunidad.jpg",750,443,false],"thumbnail":["https:\/\/fec.com.ar\/2022\/wp-content\/uploads\/2024\/03\/Cambio-climatico-y-Estaciones-de-Servicio-cerradas-un-combo-riesgoso-para-expendedores-y-la-comunidad-150x150.jpg",150,150,true],"medium":["https:\/\/fec.com.ar\/2022\/wp-content\/uploads\/2024\/03\/Cambio-climatico-y-Estaciones-de-Servicio-cerradas-un-combo-riesgoso-para-expendedores-y-la-comunidad-300x177.jpg",300,177,true],"medium_large":["https:\/\/fec.com.ar\/2022\/wp-content\/uploads\/2024\/03\/Cambio-climatico-y-Estaciones-de-Servicio-cerradas-un-combo-riesgoso-para-expendedores-y-la-comunidad.jpg",640,378,false],"large":["https:\/\/fec.com.ar\/2022\/wp-content\/uploads\/2024\/03\/Cambio-climatico-y-Estaciones-de-Servicio-cerradas-un-combo-riesgoso-para-expendedores-y-la-comunidad.jpg",640,378,false],"1536x1536":["https:\/\/fec.com.ar\/2022\/wp-content\/uploads\/2024\/03\/Cambio-climatico-y-Estaciones-de-Servicio-cerradas-un-combo-riesgoso-para-expendedores-y-la-comunidad.jpg",750,443,false],"2048x2048":["https:\/\/fec.com.ar\/2022\/wp-content\/uploads\/2024\/03\/Cambio-climatico-y-Estaciones-de-Servicio-cerradas-un-combo-riesgoso-para-expendedores-y-la-comunidad.jpg",750,443,false]},"uagb_author_info":{"display_name":false,"author_link":"https:\/\/fec.com.ar\/2022\/author\/c2151867\/"},"uagb_comment_info":0,"uagb_excerpt":"Las recientes tormentas, cada vez m\u00e1s frecuentes como devastadoras, pusieron en alerta a regiones urbanas y rurales. Estos fen\u00f3menos, que causaron estragos en diversas zonas, resaltan un peligro latente relacionado con las operadoras cerradas o abandonadas. Por la tormenta, una Estaci\u00f3n de Servicio inactiva desde hace m\u00e1s de un a\u00f1o sufri\u00f3 el derrumbe de su&hellip;","_links":{"self":[{"href":"https:\/\/fec.com.ar\/2022\/wp-json\/wp\/v2\/posts\/918","targetHints":{"allow":["GET"]}}],"collection":[{"href":"https:\/\/fec.com.ar\/2022\/wp-json\/wp\/v2\/posts"}],"about":[{"href":"https:\/\/fec.com.ar\/2022\/wp-json\/wp\/v2\/types\/post"}],"author":[{"embeddable":true,"href":"https:\/\/fec.com.ar\/2022\/wp-json\/wp\/v2\/users\/2"}],"replies":[{"embeddable":true,"href":"https:\/\/fec.com.ar\/2022\/wp-json\/wp\/v2\/comments?post=918"}],"version-history":[{"count":2,"href":"https:\/\/fec.com.ar\/2022\/wp-json\/wp\/v2\/posts\/918\/revisions"}],"predecessor-version":[{"id":921,"href":"https:\/\/fec.com.ar\/2022\/wp-json\/wp\/v2\/posts\/918\/revisions\/921"}],"wp:featuredmedia":[{"embeddable":true,"href":"https:\/\/fec.com.ar\/2022\/wp-json\/wp\/v2\/media\/920"}],"wp:attachment":[{"href":"https:\/\/fec.com.ar\/2022\/wp-json\/wp\/v2\/media?parent=918"}],"wp:term":[{"taxonomy":"category","embeddable":true,"href":"https:\/\/fec.com.ar\/2022\/wp-json\/wp\/v2\/categories?post=918"},{"taxonomy":"post_tag","embeddable":true,"href":"https:\/\/fec.com.ar\/2022\/wp-json\/wp\/v2\/tags?post=918"}],"curies":[{"name":"wp","href":"https:\/\/api.w.org\/{rel}","templated":true}]}}