{"id":936,"date":"2024-04-02T04:23:03","date_gmt":"2024-04-02T04:23:03","guid":{"rendered":"https:\/\/fec.com.ar\/2022\/?p=936"},"modified":"2024-04-02T04:23:04","modified_gmt":"2024-04-02T04:23:04","slug":"los-combustibles-aumentaron-4-65-por-ciento","status":"publish","type":"post","link":"https:\/\/fec.com.ar\/2022\/los-combustibles-aumentaron-4-65-por-ciento\/","title":{"rendered":"LOS COMBUSTIBLES AUMENTARON 4.65 POR CIENTO"},"content":{"rendered":"\n<p>La actualizaci\u00f3n de los impuestos que gravan a la nafta y el gasoil impulsaron la suba en los surtidores. En mayo se espera un nuevo ajuste.<\/p>\n\n\n\n<p>Los combustibles aumentaron 4.65 por ciento<br>Desde que asumi\u00f3 Milei los precios de los combustibles escalaron m\u00e1s del 100 por ciento<br><br><strong>Por Redacci\u00f3n Surtidores<\/strong><br>El Decreto 107\/2024, dictado el 31 de enero de 2024 por el presidente Javier Milei, dispuso descongelar el componente tributario a los combustibles. Conforme al cronograma establecido, las modificaciones del \u00cdndice de Precios al Consumidor (IPC) pendientes del primer y segundo trimestres calendario del a\u00f1o 2023 se actualizaron a partir del 1\u00b0 de marzo de 2024, en tanto que desde hoy se puso al d\u00eda el del tercer trimestre calendario del a\u00f1o 2023, mientras que el del cuarto trimestre ser\u00e1 a partir del 1\u00b0 de mayo.<\/p>\n\n\n\n<p>A ra\u00edz de esta decisi\u00f3n, los precios de la nafta y el gasoil se incrementaron 4.65 por ciento promedio desde las 0 horas en todo el pa\u00eds. La suba incluye adem\u00e1s del factor impositivo, un escaso porcentaje que responde a otras variables tales como la inflaci\u00f3n y la evoluci\u00f3n del tipo de cambio.<\/p>\n\n\n\n<p>\u00bfCu\u00e1nto aumentar\u00e1n los combustibles el 1\u00ba de abril por la actualizaci\u00f3n impositiva?<\/p>\n\n\n\n<p>No obstante la suba, a\u00fan resta una diferencia correspondiente a la paridad de importaci\u00f3n. As\u00ed lo dej\u00f3 entrever la empresa YPF, durante su presentaci\u00f3n con inversores, en la que mostraron el balance de 2023 y su plan estrat\u00e9gico para 2024.<\/p>\n\n\n\n<p>Desde que asumi\u00f3 Milei los precios de los combustibles escalaron m\u00e1s de 100 por ciento, repartido en cuatro incrementos de 38 por ciento, 27 por ciento, 6,5 por ciento, 7,5 por ciento y hoy 4.65 por ciento.<\/p>\n\n\n\n<p>LOS VALORES DE LOS NUEVOS IMPUESTOS<\/p>\n\n\n\n<p>Seg\u00fan dio a conocer la Administraci\u00f3n de Ingresos P\u00fablicos, los nuevos importes del Impuesto a los Combustibles L\u00edquidos (ICL) y al Di\u00f3xido de Carbono (ICL) a partir del 1\u00ba de abril son los siguientes:<\/p>\n\n\n\n<figure class=\"wp-block-image size-full\"><a href=\"https:\/\/fec.com.ar\/2022\/wp-content\/uploads\/2024\/04\/ICL.jpg\"><img fetchpriority=\"high\" decoding=\"async\" width=\"524\" height=\"549\" src=\"https:\/\/fec.com.ar\/2022\/wp-content\/uploads\/2024\/04\/ICL.jpg\" alt=\"\" class=\"wp-image-938\" srcset=\"https:\/\/fec.com.ar\/2022\/wp-content\/uploads\/2024\/04\/ICL.jpg 524w, https:\/\/fec.com.ar\/2022\/wp-content\/uploads\/2024\/04\/ICL-286x300.jpg 286w\" sizes=\"(max-width: 524px) 100vw, 524px\" \/><\/a><\/figure>\n","protected":false},"excerpt":{"rendered":"<p>La actualizaci\u00f3n de los impuestos que gravan a la nafta y el gasoil impulsaron la suba en los surtidores. En mayo se espera un nuevo ajuste. Los combustibles aumentaron 4.65 por cientoDesde que asumi\u00f3 Milei los precios de los combustibles escalaron m\u00e1s del 100 por ciento Por Redacci\u00f3n SurtidoresEl Decreto 107\/2024, dictado el 31 de [&hellip;]<\/p>\n","protected":false},"author":2,"featured_media":937,"comment_status":"closed","ping_status":"closed","sticky":false,"template":"","format":"standard","meta":{"_uag_custom_page_level_css":"","footnotes":""},"categories":[1],"tags":[],"class_list":["post-936","post","type-post","status-publish","format-standard","has-post-thumbnail","hentry","category-sin-categoria"],"uagb_featured_image_src":{"full":["https:\/\/fec.com.ar\/2022\/wp-content\/uploads\/2024\/04\/Sin-titulo-2.jpg",750,422,false],"thumbnail":["https:\/\/fec.com.ar\/2022\/wp-content\/uploads\/2024\/04\/Sin-titulo-2-150x150.jpg",150,150,true],"medium":["https:\/\/fec.com.ar\/2022\/wp-content\/uploads\/2024\/04\/Sin-titulo-2-300x169.jpg",300,169,true],"medium_large":["https:\/\/fec.com.ar\/2022\/wp-content\/uploads\/2024\/04\/Sin-titulo-2.jpg",640,360,false],"large":["https:\/\/fec.com.ar\/2022\/wp-content\/uploads\/2024\/04\/Sin-titulo-2.jpg",640,360,false],"1536x1536":["https:\/\/fec.com.ar\/2022\/wp-content\/uploads\/2024\/04\/Sin-titulo-2.jpg",750,422,false],"2048x2048":["https:\/\/fec.com.ar\/2022\/wp-content\/uploads\/2024\/04\/Sin-titulo-2.jpg",750,422,false]},"uagb_author_info":{"display_name":false,"author_link":"https:\/\/fec.com.ar\/2022\/author\/c2151867\/"},"uagb_comment_info":0,"uagb_excerpt":"La actualizaci\u00f3n de los impuestos que gravan a la nafta y el gasoil impulsaron la suba en los surtidores. En mayo se espera un nuevo ajuste. Los combustibles aumentaron 4.65 por cientoDesde que asumi\u00f3 Milei los precios de los combustibles escalaron m\u00e1s del 100 por ciento Por Redacci\u00f3n SurtidoresEl Decreto 107\/2024, dictado el 31 de&hellip;","_links":{"self":[{"href":"https:\/\/fec.com.ar\/2022\/wp-json\/wp\/v2\/posts\/936","targetHints":{"allow":["GET"]}}],"collection":[{"href":"https:\/\/fec.com.ar\/2022\/wp-json\/wp\/v2\/posts"}],"about":[{"href":"https:\/\/fec.com.ar\/2022\/wp-json\/wp\/v2\/types\/post"}],"author":[{"embeddable":true,"href":"https:\/\/fec.com.ar\/2022\/wp-json\/wp\/v2\/users\/2"}],"replies":[{"embeddable":true,"href":"https:\/\/fec.com.ar\/2022\/wp-json\/wp\/v2\/comments?post=936"}],"version-history":[{"count":1,"href":"https:\/\/fec.com.ar\/2022\/wp-json\/wp\/v2\/posts\/936\/revisions"}],"predecessor-version":[{"id":939,"href":"https:\/\/fec.com.ar\/2022\/wp-json\/wp\/v2\/posts\/936\/revisions\/939"}],"wp:featuredmedia":[{"embeddable":true,"href":"https:\/\/fec.com.ar\/2022\/wp-json\/wp\/v2\/media\/937"}],"wp:attachment":[{"href":"https:\/\/fec.com.ar\/2022\/wp-json\/wp\/v2\/media?parent=936"}],"wp:term":[{"taxonomy":"category","embeddable":true,"href":"https:\/\/fec.com.ar\/2022\/wp-json\/wp\/v2\/categories?post=936"},{"taxonomy":"post_tag","embeddable":true,"href":"https:\/\/fec.com.ar\/2022\/wp-json\/wp\/v2\/tags?post=936"}],"curies":[{"name":"wp","href":"https:\/\/api.w.org\/{rel}","templated":true}]}}